{"id":253421,"date":"2026-04-21T08:42:20","date_gmt":"2026-04-21T11:42:20","guid":{"rendered":"https:\/\/corrientesdetarde.com\/?p=253421"},"modified":"2026-04-21T08:42:26","modified_gmt":"2026-04-21T11:42:26","slug":"la-historia-de-una-familia-irani-que-viaja-horas-para-hablar-por-videollamada-con-su-hija-que-vive-en-ee-uu","status":"publish","type":"post","link":"https:\/\/corrientesdetarde.com\/index.php\/internacionales\/la-historia-de-una-familia-irani-que-viaja-horas-para-hablar-por-videollamada-con-su-hija-que-vive-en-ee-uu\/","title":{"rendered":"La historia de una familia iran\u00ed que viaja horas para hablar por videollamada con su hija que vive en EE.UU."},"content":{"rendered":"\n<p>La frontera terrestre de Kap\u0131k\u00f6y que conecta Turqu\u00eda con Ir\u00e1n se convierte en un anfiteatro de historias que representan la realidad dentro del territorio iran\u00ed.  <a href=\"https:\/\/tn.com.ar\/autor\/gbanez\/\"><\/a><\/p>\n\n\n\n<p>Se bajan de la camioneta que los llev\u00f3 hasta la frontera con\u00a0<strong>una sonrisa en la cara<\/strong>\u00a0y con\u00a0<strong>los bolsos llenos de alegr\u00eda<\/strong>. Se lo percibe a la distancia. Es una familia que est\u00e1 de regreso a\u00a0<strong>Ir\u00e1n<\/strong>, su pa\u00eds, luego de pasar unas pocas horas en\u00a0<strong>Turqu\u00eda<\/strong>.<\/p>\n\n\n\n<p>La alegr\u00eda no responde al hecho de estar volviendo a su casa, sino que es el resultado de haber podido\u00a0<strong>realizar una videollamada por celular con su hija,\u00a0<\/strong>que desde hace m\u00e1s de un a\u00f1o vive en Michigan,\u00a0<strong>Estados Unidos<\/strong>.<\/p>\n\n\n\n<p>La familia que est\u00e1 regresando al territorio iran\u00ed est\u00e1 compuesta por los padres y el hijo menor,\u00a0<strong>el \u00fanico de los tres que puede hablar un m\u00ednimo nivel de ingl\u00e9s para comunicarse<\/strong>. \u201cSalimos solo por un d\u00eda para poder llamar a mi hermana, adentro por\u00a0el bloqueo es imposible\u201d, le explica\u00a0con total naturalidad, como\u00a0<strong>si fuese un tr\u00e1mite semanal<\/strong>.<\/p>\n\n\n\n<p>Sucede que la historia de esta familia representa la de muchos iran\u00edes que&nbsp;<strong>se han quedado totalmente incomunicados por el feroz bloqueo de internet<\/strong>&nbsp;que el gobierno de los ayatollah aplic\u00f3 desde el comienzo de la guerra:&nbsp;<strong>conexi\u00f3n para unos pocos, mensajes o llamadas para otros<\/strong>, y para la gran mayor\u00eda nulo acceso a aplicaciones de mensajer\u00eda.<\/p>\n\n\n\n<figure class=\"wp-block-image\"><img decoding=\"async\" src=\"https:\/\/tn.com.ar\/resizer\/v2\/en-la-computadora-portatil-de-una-joven-aparece-un-error-de-internet-luego-del-bloqueo-nacional-de-internet-desde-el-8-de-enero-de-2026-a-raiz-de-las-protestas-en-iran-en-teheran-foto-agencia-de-noticias-de-asia-occidental-via-reuters-2M7GROTT4RGI5OFHSPTYNFWODQ.JPG?auth=cf2ed7e1e7cc7018db2c52cb35db89b2dca0e584847dcb906067a7118f606456&amp;width=767\" alt=\"En la computadora port\u00e1til de una joven aparece un error de Internet luego del bloqueo nacional de Internet desde el 8 de enero de 2026, a ra\u00edz de las protestas en Ir\u00e1n, en Teher\u00e1n. (Foto: Agencia de Noticias de Asia Occidental v\u00eda Reuters).\"\/><\/figure>\n\n\n\n<p>Para sortear estas trabas, esta familia&nbsp;<strong>decidi\u00f3 invertir las largas horas que demoran para salir desde Ir\u00e1n por la frontera terrestre Kap\u0131k\u00f6y y entrar a Turqu\u00eda<\/strong>, desde donde&nbsp;<strong>se trasladan a unas de las ciudades cercanas al cruce<\/strong>&nbsp;\u2014en la mayor\u00eda de los casos es Van\u2014 para poder respirar aires de libertad antes de regresar a territorio iran\u00ed.<\/p>\n\n\n\n<p><strong>Muchos de los que vuelven a entrar tienen miedo.<\/strong>&nbsp;La mayor\u00eda prefiere no hablar y mucho menos permiten que se les saque una foto o registre un video. El temor de las represalias y persecuci\u00f3n est\u00e1 muy presente.<\/p>\n\n\n\n<p>Pese a este contexto, esta familia que sali\u00f3 por menos de 24 horas de su pa\u00eds con el \u00fanico fin de poder realizar una videollamada con su hija regres\u00f3 en paz y con alegr\u00eda a su hogar, a la espera de las definiciones que\u00a0<strong>en las pr\u00f3ximas horas pueden arrojar si la guerra vuelve a azotar a la regi\u00f3n<\/strong>\u00a0o si, por el contrario,\u00a0<strong>se alcanza un acuerdo de m\u00e1s largo alcance entre las partes<\/strong>.<\/p>\n\n\n\n<p><\/p>\n","protected":false},"excerpt":{"rendered":"<p>La frontera terrestre de Kap\u0131k\u00f6y que conecta Turqu\u00eda con Ir\u00e1n se convierte en un anfiteatro de historias que representan la realidad dentro del territorio iran\u00ed. Se bajan de la camioneta&hellip; <\/p>\n","protected":false},"author":8,"featured_media":253422,"comment_status":"closed","ping_status":"open","sticky":false,"template":"","format":"standard","meta":{"footnotes":""},"categories":[11],"tags":[],"class_list":["post-253421","post","type-post","status-publish","format-standard","has-post-thumbnail","hentry","category-internacionales"],"_links":{"self":[{"href":"https:\/\/corrientesdetarde.com\/index.php\/wp-json\/wp\/v2\/posts\/253421","targetHints":{"allow":["GET"]}}],"collection":[{"href":"https:\/\/corrientesdetarde.com\/index.php\/wp-json\/wp\/v2\/posts"}],"about":[{"href":"https:\/\/corrientesdetarde.com\/index.php\/wp-json\/wp\/v2\/types\/post"}],"author":[{"embeddable":true,"href":"https:\/\/corrientesdetarde.com\/index.php\/wp-json\/wp\/v2\/users\/8"}],"replies":[{"embeddable":true,"href":"https:\/\/corrientesdetarde.com\/index.php\/wp-json\/wp\/v2\/comments?post=253421"}],"version-history":[{"count":1,"href":"https:\/\/corrientesdetarde.com\/index.php\/wp-json\/wp\/v2\/posts\/253421\/revisions"}],"predecessor-version":[{"id":253423,"href":"https:\/\/corrientesdetarde.com\/index.php\/wp-json\/wp\/v2\/posts\/253421\/revisions\/253423"}],"wp:featuredmedia":[{"embeddable":true,"href":"https:\/\/corrientesdetarde.com\/index.php\/wp-json\/wp\/v2\/media\/253422"}],"wp:attachment":[{"href":"https:\/\/corrientesdetarde.com\/index.php\/wp-json\/wp\/v2\/media?parent=253421"}],"wp:term":[{"taxonomy":"category","embeddable":true,"href":"https:\/\/corrientesdetarde.com\/index.php\/wp-json\/wp\/v2\/categories?post=253421"},{"taxonomy":"post_tag","embeddable":true,"href":"https:\/\/corrientesdetarde.com\/index.php\/wp-json\/wp\/v2\/tags?post=253421"}],"curies":[{"name":"wp","href":"https:\/\/api.w.org\/{rel}","templated":true}]}}