{"id":25351,"date":"2022-12-05T18:17:25","date_gmt":"2022-12-05T21:17:25","guid":{"rendered":"https:\/\/corrientesdetarde.com\/?p=25351"},"modified":"2022-12-05T18:17:28","modified_gmt":"2022-12-05T21:17:28","slug":"piqueteros-acamparan-este-martes-frente-al-ministerio-de-desarrollo-social-por-tiempo-indeterminado","status":"publish","type":"post","link":"https:\/\/corrientesdetarde.com\/index.php\/nacionales\/piqueteros-acamparan-este-martes-frente-al-ministerio-de-desarrollo-social-por-tiempo-indeterminado\/","title":{"rendered":"Piqueteros acampar\u00e1n este martes frente al Ministerio de Desarrollo Social por tiempo indeterminado"},"content":{"rendered":"\n<p>Realizar\u00e1n un \u201cpiquetazo nacional\u201d desde las 11:00. Denuncian que el Gobierno no pag\u00f3 los planes sociales de diciembre y reclaman una reuni\u00f3n urgente con Victoria Tolosa Paz.<\/p>\n\n\n\n<p>Las organizaciones sociales que conforman Unidad Piquetera se movilizaran este martes al Ministerio de Desarrollo Social\u00a0sobre la avenida 9 de Julio, donde\u00a0<strong>acampar\u00e1n \u201cpor tiempo indeterminado\u201d\u00a0<\/strong>en reclamo por la\u00a0<strong>\u201cdemora\u201d en el pago de los planes sociales.<\/strong>\u00a0Piden una<strong>\u00a0reuni\u00f3n urgente con Victoria Tolosa Paz.<\/strong><\/p>\n\n\n\n<p>\u201cVamos a exigirle a la ministra la\u00a0<strong>fecha concreta de cobro del 1.300.000 compa\u00f1eros y compa\u00f1eras<\/strong>\u00a0que deber\u00edan haber cobrado hace m\u00e1s de cuatro d\u00edas\u201d, expresaron a trav\u00e9s de un comunicado.<\/p>\n\n\n\n<p>Seg\u00fan confirm\u00f3<strong>&nbsp;Eduardo Belliboni,<\/strong>&nbsp;l\u00edder del&nbsp;<em>Polo Obrero<\/em>, a&nbsp;<strong>TN<\/strong>, la movilizaci\u00f3n incluir\u00e1 un&nbsp;<strong>acampe frente al Ministerio de Desarrollo Social.<\/strong><\/p>\n\n\n\n<h2 class=\"wp-block-heading\">Piquetazo nacional y acampe<\/h2>\n\n\n\n<p>El conflicto entre los piqueteros y el Gobierno nacional escala desde que se anunciaron las auditor\u00edas a los planes sociales y la posterior baja de unos 250.000 beneficiarios del Potenciar Trabajo que compraron d\u00f3lares o pagan bienes personales seg\u00fan la investigaci\u00f3n judicial abierta y los aportes de los datos dados por la Administraci\u00f3n Federal de Ingresos P\u00fablicos (AFIP).<\/p>\n\n\n\n<p>En lo que se vislumbra como un diciembre complicado para el humor social, las organizaciones sociales no alineadas con el Gobierno realizar\u00e1n este martes un \u201cpiquetazo nacional en la puerta del Ministerio de Desarrollo Social y en todo el pa\u00eds\u201d.<\/p>\n\n\n\n<p>Argumentaron que la medida de fuerza se decidi\u00f3 \u201cante la incertidumbre y la enorme desaz\u00f3n de cientos de miles de compa\u00f1eros que no cobraron el s\u00e1bado 3 ni el lunes 5, el \u00fanico y miserable ingreso del Potenciar Trabajo con el que sobreviven 1.300.000 personas, incumpliendo con la m\u00e1s elemental de las obligaciones del Gobierno\u201d.<\/p>\n\n\n\n<p>\u201cFrente a las versiones cruzadas y ataques a compa\u00f1eros que sobreviven con un programa social, las organizaciones de la Unidad Piquetera hemos resuelto volver a movilizarnos con todo, en todo el pa\u00eds, concentr\u00e1ndonos en la puerta del Ministerio de Desarrollo Social, en CABA\u201d, anunciaron. La concentraci\u00f3n comenzar\u00e1 a las 11:00 \u201cpor tiempo indeterminado\u201d.<\/p>\n\n\n\n<p>Las organizaciones sociales confirmaron que pedir\u00e1n \u201cuna reuni\u00f3n urgente con la ministra Tolosa Paz que, claramente, ha equivocado el enemigo\u201d. \u201cNo somos los trabajadores sin trabajo, los trabajadores de cooperativas, los compa\u00f1eros y compa\u00f1eras que luchan todos los d\u00edas por salir de la situaci\u00f3n de hambre y miseria a la que la han llevado los distintos gobiernos de las \u00faltimas d\u00e9cadas los responsables ni de la crisis social ni de la corrupci\u00f3n\u201d, afirmaron.<\/p>\n\n\n\n<p>Adem\u00e1s del pedido de confirmaci\u00f3n de la fecha de pago del Potenciar Trabajo, Unidad Piquetera reclama un \u201cbono de emergencia a modo de compensaci\u00f3n por lo perdido con la inflaci\u00f3n en el \u00faltimo a\u00f1o, del 100%\u201d de ese plan social. Tambi\u00e9n exigen \u201cque no se desenganche el programa del salario m\u00ednimo\u201d.<\/p>\n","protected":false},"excerpt":{"rendered":"<p>Realizar\u00e1n un \u201cpiquetazo nacional\u201d desde las 11:00. Denuncian que el Gobierno no pag\u00f3 los planes sociales de diciembre y reclaman una reuni\u00f3n urgente con Victoria Tolosa Paz. Las organizaciones sociales&hellip; <\/p>\n","protected":false},"author":8,"featured_media":25352,"comment_status":"closed","ping_status":"open","sticky":false,"template":"","format":"standard","meta":{"footnotes":""},"categories":[10],"tags":[],"class_list":["post-25351","post","type-post","status-publish","format-standard","has-post-thumbnail","hentry","category-nacionales"],"_links":{"self":[{"href":"https:\/\/corrientesdetarde.com\/index.php\/wp-json\/wp\/v2\/posts\/25351","targetHints":{"allow":["GET"]}}],"collection":[{"href":"https:\/\/corrientesdetarde.com\/index.php\/wp-json\/wp\/v2\/posts"}],"about":[{"href":"https:\/\/corrientesdetarde.com\/index.php\/wp-json\/wp\/v2\/types\/post"}],"author":[{"embeddable":true,"href":"https:\/\/corrientesdetarde.com\/index.php\/wp-json\/wp\/v2\/users\/8"}],"replies":[{"embeddable":true,"href":"https:\/\/corrientesdetarde.com\/index.php\/wp-json\/wp\/v2\/comments?post=25351"}],"version-history":[{"count":1,"href":"https:\/\/corrientesdetarde.com\/index.php\/wp-json\/wp\/v2\/posts\/25351\/revisions"}],"predecessor-version":[{"id":25353,"href":"https:\/\/corrientesdetarde.com\/index.php\/wp-json\/wp\/v2\/posts\/25351\/revisions\/25353"}],"wp:featuredmedia":[{"embeddable":true,"href":"https:\/\/corrientesdetarde.com\/index.php\/wp-json\/wp\/v2\/media\/25352"}],"wp:attachment":[{"href":"https:\/\/corrientesdetarde.com\/index.php\/wp-json\/wp\/v2\/media?parent=25351"}],"wp:term":[{"taxonomy":"category","embeddable":true,"href":"https:\/\/corrientesdetarde.com\/index.php\/wp-json\/wp\/v2\/categories?post=25351"},{"taxonomy":"post_tag","embeddable":true,"href":"https:\/\/corrientesdetarde.com\/index.php\/wp-json\/wp\/v2\/tags?post=25351"}],"curies":[{"name":"wp","href":"https:\/\/api.w.org\/{rel}","templated":true}]}}