{"id":253539,"date":"2026-04-22T09:34:53","date_gmt":"2026-04-22T12:34:53","guid":{"rendered":"https:\/\/corrientesdetarde.com\/?p=253539"},"modified":"2026-04-22T09:34:59","modified_gmt":"2026-04-22T12:34:59","slug":"corrientes-23-choferes-de-colectivos-fueron-suspendidos","status":"publish","type":"post","link":"https:\/\/corrientesdetarde.com\/index.php\/actualidad\/corrientes-23-choferes-de-colectivos-fueron-suspendidos\/","title":{"rendered":"Corrientes 23 choferes de colectivos fueron suspendidos"},"content":{"rendered":"\n<p>Dos empresas&nbsp;enviaron telegramas de suspensi\u00f3n sin goce de haberes por 30 d\u00edas a trabajadores del sistema en la capital correntina.<\/p>\n\n\n\n<p>La crisis en el sistema de transporte p\u00fablico de\u00a0<strong>Corrientes<\/strong>\u00a0suma un nuevo cap\u00edtulo. En las \u00faltimas horas, 23\u00a0<strong>choferes de las empresas<\/strong>\u00a0que operan en la capital comenzaron a<strong>\u00a0recibir telegramas de suspensi\u00f3n sin goce de haberes<\/strong>, en una medida que encendi\u00f3 la alarma en el sector. Ma\u00f1ana se reunir\u00e1 la\u00a0 Uni\u00f3n Tranviarios del Automotor (UTA) y los empresarios para destrabar el conflicto.\u00a0<\/p>\n\n\n\n<p>seg\u00fan se inform\u00f3, la decisi\u00f3n alcanza a trabajadores de\u00a0<strong>Ersa y Transporte San Lorenzo,<\/strong>\u00a0las dos firmas encargadas del servicio urbano. Las suspensiones se extender\u00edan por un plazo de 30 d\u00edas y se justifican, de acuerdo a las empresas, en el contexto de crisis econ\u00f3mica que atraviesa la actividad.<\/p>\n\n\n\n<p>Jos\u00e9 Luis Sabao, representante de la Uni\u00f3n Tranviarios del Automotor (UTA) Corrientes se\u00f1al\u00f3 a&nbsp;<strong>El Litoral<\/strong>: \u201cEsta ma\u00f1ana recibieron carta documento aproximadamente 23 trabajadores de Ersa y transporte San Lorenzo sobre suspensi\u00f3n por 30 d\u00edas sin goce de haberes\u201d.<\/p>\n\n\n\n<h3 class=\"wp-block-heading\">Buscan destrabar el conflicto\u00a0<\/h3>\n\n\n\n<p>Desde el gremio que nuclea a los choferes manifestaron su rechazo a la medida y adelantaron que avanzar\u00e1n con acciones para revertirla. La situaci\u00f3n genera incertidumbre entre los trabajadores afectados y podr\u00eda escalar en el corto plazo.<\/p>\n\n\n\n<p>El dirigente sindical tambi\u00e9n remarc\u00f3 que ya se encuentran en estado de alerta ante el impacto que la medida podr\u00eda tener en las fuentes laborales y en la prestaci\u00f3n del servicio.<\/p>\n","protected":false},"excerpt":{"rendered":"<p>Dos empresas&nbsp;enviaron telegramas de suspensi\u00f3n sin goce de haberes por 30 d\u00edas a trabajadores del sistema en la capital correntina. La crisis en el sistema de transporte p\u00fablico de\u00a0Corrientes\u00a0suma un&hellip; <\/p>\n","protected":false},"author":8,"featured_media":253540,"comment_status":"closed","ping_status":"open","sticky":false,"template":"","format":"standard","meta":{"footnotes":""},"categories":[23],"tags":[],"class_list":["post-253539","post","type-post","status-publish","format-standard","has-post-thumbnail","hentry","category-actualidad"],"_links":{"self":[{"href":"https:\/\/corrientesdetarde.com\/index.php\/wp-json\/wp\/v2\/posts\/253539","targetHints":{"allow":["GET"]}}],"collection":[{"href":"https:\/\/corrientesdetarde.com\/index.php\/wp-json\/wp\/v2\/posts"}],"about":[{"href":"https:\/\/corrientesdetarde.com\/index.php\/wp-json\/wp\/v2\/types\/post"}],"author":[{"embeddable":true,"href":"https:\/\/corrientesdetarde.com\/index.php\/wp-json\/wp\/v2\/users\/8"}],"replies":[{"embeddable":true,"href":"https:\/\/corrientesdetarde.com\/index.php\/wp-json\/wp\/v2\/comments?post=253539"}],"version-history":[{"count":1,"href":"https:\/\/corrientesdetarde.com\/index.php\/wp-json\/wp\/v2\/posts\/253539\/revisions"}],"predecessor-version":[{"id":253541,"href":"https:\/\/corrientesdetarde.com\/index.php\/wp-json\/wp\/v2\/posts\/253539\/revisions\/253541"}],"wp:featuredmedia":[{"embeddable":true,"href":"https:\/\/corrientesdetarde.com\/index.php\/wp-json\/wp\/v2\/media\/253540"}],"wp:attachment":[{"href":"https:\/\/corrientesdetarde.com\/index.php\/wp-json\/wp\/v2\/media?parent=253539"}],"wp:term":[{"taxonomy":"category","embeddable":true,"href":"https:\/\/corrientesdetarde.com\/index.php\/wp-json\/wp\/v2\/categories?post=253539"},{"taxonomy":"post_tag","embeddable":true,"href":"https:\/\/corrientesdetarde.com\/index.php\/wp-json\/wp\/v2\/tags?post=253539"}],"curies":[{"name":"wp","href":"https:\/\/api.w.org\/{rel}","templated":true}]}}