{"id":25354,"date":"2022-12-05T18:20:09","date_gmt":"2022-12-05T21:20:09","guid":{"rendered":"https:\/\/corrientesdetarde.com\/?p=25354"},"modified":"2022-12-05T18:20:13","modified_gmt":"2022-12-05T21:20:13","slug":"gran-hermano-tomas-holder-revelo-cual-es-el-sueldo-de-los-participantes","status":"publish","type":"post","link":"https:\/\/corrientesdetarde.com\/index.php\/espectaculos\/gran-hermano-tomas-holder-revelo-cual-es-el-sueldo-de-los-participantes\/","title":{"rendered":"Gran Hermano: Tom\u00e1s Holder revel\u00f3 cu\u00e1l es el sueldo de los participantes"},"content":{"rendered":"\n<p>El primer eliminado del reality fue invitado a un show teatral junto a &#8216;La Tora&#8217; y Martina. Una de las respuestas que m\u00e1s sorprendi\u00f3 es el sueldo que perciben por estar dentro de la casa.<\/p>\n\n\n\n<p>Gran Hermano&nbsp;rompe r\u00e9cords de audiencia cada noche por la pantalla de Telefe y se gan\u00f3 el fanatismo del p\u00fablico por cada uno de los participantes. Desde el comienzo del programa, la gente especul\u00f3 en cu\u00e1nto gana cada uno de los jugadores por estar dentro.<\/p>\n\n\n\n<p>Este s\u00e1bado,&nbsp;Tom\u00e1s Holder&nbsp;termin\u00f3 con el misterio en una charla con Mariano de la Canal en el Teatro Seminari Cine Italia. En &#8216;El show de Gran Hermano&#8217; el medi\u00e1tico invit\u00f3 al influencer, a&nbsp;Lucila &#8216;La Tora&#8217; Villar y Martina Stewart Usher.<\/p>\n\n\n\n<p>\u201cEstaban todos especulando. Algunos dijeron que ganaban $190.000 por mes y otros dijeron que era por semana. La gente quiere saber, entonces les pregunto: \u00bfCu\u00e1nto les pagan por estar encerrados?\u201d, les pregunt\u00f3 Mariano. R\u00e1pidamente,<strong>\u00a0Holder le contest\u00f3:\u00a0\u201c$25.000 por semana\u201d.<\/strong><\/p>\n\n\n\n<p>El video de lo ocurrido en el show se viraliz\u00f3 en las redes sociales y se gener\u00f3 pol\u00e9mica por este dato hasta ahora desconocido. Algunas personas opinaron a favor y en contra respecto a este salario que reciben los hermanitos por cada semana que viven dentro de la casa m\u00e1s famosa del pa\u00eds.<\/p>\n\n\n\n<p>Cabe recordar que hasta el momento ya quedaron fuera del reality&nbsp;Tom\u00e1s Holder, Martina Stewart Usher, Mora Jabornisky, Juan Reverdito, Lucila la Tora Villar y Juliana Tini D\u00edaz.&nbsp;Y este domingo se realiz\u00f3 una nueva gala de eliminaci\u00f3n de&nbsp;Gran Hermano 2022.&nbsp;Despu\u00e9s de que&nbsp;Romina Uhrig, ganadora de la prueba del l\u00edder de la semana, salvara a&nbsp;Constanza Romero&nbsp;de la placa, quedaron nominados&nbsp;Walter Alfa Santiago, Juan Ignacio Nacho Casta\u00f1ares Puente, Daniela Celis y Mar\u00eda Laura Cata \u00c1lvarez.<\/p>\n","protected":false},"excerpt":{"rendered":"<p>El primer eliminado del reality fue invitado a un show teatral junto a &#8216;La Tora&#8217; y Martina. Una de las respuestas que m\u00e1s sorprendi\u00f3 es el sueldo que perciben por&hellip; <\/p>\n","protected":false},"author":8,"featured_media":25355,"comment_status":"closed","ping_status":"open","sticky":false,"template":"","format":"standard","meta":{"footnotes":""},"categories":[19],"tags":[],"class_list":["post-25354","post","type-post","status-publish","format-standard","has-post-thumbnail","hentry","category-espectaculos"],"_links":{"self":[{"href":"https:\/\/corrientesdetarde.com\/index.php\/wp-json\/wp\/v2\/posts\/25354","targetHints":{"allow":["GET"]}}],"collection":[{"href":"https:\/\/corrientesdetarde.com\/index.php\/wp-json\/wp\/v2\/posts"}],"about":[{"href":"https:\/\/corrientesdetarde.com\/index.php\/wp-json\/wp\/v2\/types\/post"}],"author":[{"embeddable":true,"href":"https:\/\/corrientesdetarde.com\/index.php\/wp-json\/wp\/v2\/users\/8"}],"replies":[{"embeddable":true,"href":"https:\/\/corrientesdetarde.com\/index.php\/wp-json\/wp\/v2\/comments?post=25354"}],"version-history":[{"count":1,"href":"https:\/\/corrientesdetarde.com\/index.php\/wp-json\/wp\/v2\/posts\/25354\/revisions"}],"predecessor-version":[{"id":25356,"href":"https:\/\/corrientesdetarde.com\/index.php\/wp-json\/wp\/v2\/posts\/25354\/revisions\/25356"}],"wp:featuredmedia":[{"embeddable":true,"href":"https:\/\/corrientesdetarde.com\/index.php\/wp-json\/wp\/v2\/media\/25355"}],"wp:attachment":[{"href":"https:\/\/corrientesdetarde.com\/index.php\/wp-json\/wp\/v2\/media?parent=25354"}],"wp:term":[{"taxonomy":"category","embeddable":true,"href":"https:\/\/corrientesdetarde.com\/index.php\/wp-json\/wp\/v2\/categories?post=25354"},{"taxonomy":"post_tag","embeddable":true,"href":"https:\/\/corrientesdetarde.com\/index.php\/wp-json\/wp\/v2\/tags?post=25354"}],"curies":[{"name":"wp","href":"https:\/\/api.w.org\/{rel}","templated":true}]}}