{"id":253632,"date":"2026-04-22T23:01:09","date_gmt":"2026-04-23T02:01:09","guid":{"rendered":"https:\/\/corrientesdetarde.com\/?p=253632"},"modified":"2026-04-22T23:01:17","modified_gmt":"2026-04-23T02:01:17","slug":"se-denuncio-intimidaciones-allanaron-a-un-alumno-y-encontraron-la-replica-de-un-arma","status":"publish","type":"post","link":"https:\/\/corrientesdetarde.com\/index.php\/locales\/se-denuncio-intimidaciones-allanaron-a-un-alumno-y-encontraron-la-replica-de-un-arma\/","title":{"rendered":"Se denunci\u00f3 intimidaciones, allanaron a un alumno y encontraron la r\u00e9plica de un arma"},"content":{"rendered":"\n<p>La Polic\u00eda de Corrientes allan\u00f3 la casa de un alumno de nivel secundario en una ciudad del interior y hall\u00f3 la r\u00e9plica de un arma, luego de que la rectora del colegio al que concurre formalizara una denuncia por actos intimidatorios propagados incluso por redes sociales.<\/p>\n\n\n\n<p><\/p>\n\n\n\n<p>Durante la siesta de este mi\u00e9rcoles&nbsp;efectivos de la Divisi\u00f3n de Investigaci\u00f3n Criminal de Curuz\u00fa Cuati\u00e1 ejecutaron dos \u00f3rdenes de allanamiento en los barrios 40 Viviendas y Suboficiales de esa ciudad,&nbsp;<strong>en el marco de una causa por &#8220;supuesta intimidaci\u00f3n p\u00fablica&#8221;, que hab\u00eda generado una profunda preocupaci\u00f3n en la comunidad educativa y la sociedad local.<\/strong><\/p>\n\n\n\n<p>La intervenci\u00f3n judicial&nbsp;<strong>se origin\u00f3 a partir de una denuncia radicada por la Rectora del Colegio Secundario &#8220;Barnidio Sorribes&#8221;.<\/strong>&nbsp;Seg\u00fan la investigaci\u00f3n, la alarma se encendi\u00f3 luego de que se&nbsp;<strong>exhibieran proyectiles de arma de fuego a trav\u00e9s de redes sociales<\/strong>&nbsp;y se detectara que un menor de edad intent\u00f3 ingresar al establecimiento con un elemento sospechoso.<\/p>\n\n\n\n<h3 class=\"wp-block-heading\">Resultados<\/h3>\n\n\n\n<p>Los procedimientos, que contaron con la presencia de la titular de la Unidad Fiscal de Investigaciones Concretas (UFIC), Dra. Bel\u00e9n Arr\u00faa, y el apoyo de la Comisar\u00eda Primera, arrojaron resultados positivos para la causa.<br><strong>En la primera vivienda registrada, los agentes secuestraron cuatro proyectiles calibre 9 mm y un tel\u00e9fono celular,<\/strong>&nbsp;dispositivo que ser\u00e1 peritado para determinar su vinculaci\u00f3n con las publicaciones en redes.<\/p>\n\n\n\n<figure class=\"wp-block-image\"><img decoding=\"async\" src=\"https:\/\/pxcdn.ellitoral.com.ar\/litoral\/042026\/1776899643315.jpg?cw=807\" alt=\"La rectora de un colegio denunci\u00f3 intimidaciones, allanaron a un alumno y encontraron la r\u00e9plica de un arma\" title=\"La rectora de un colegio denunci\u00f3 intimidaciones, allanaron a un alumno y encontraron la r\u00e9plica de un arma-\"\/><\/figure>\n\n\n\n<p><strong>En el segundo domicilio, se incaut\u00f3 una r\u00e9plica de pistola 9 mm, fabricada en material pl\u00e1stico de color negro.<\/strong><br>De acuerdo con las fuentes policiales, el intento de ingreso del menor con el arma de juguete fue frustrado gracias a un operativo de prevenci\u00f3n conjunto entre la polic\u00eda y las autoridades escolares, quienes realizaban un control preventivo de mochilas en el acceso al edificio de Avenida Laprida y Monte Caseros.<br>La causa ha sido caratulada preventivamente como \u201cIntimidaci\u00f3n P\u00fablica\u201d, bajo los t\u00e9rminos del Art\u00edculo 211 del C\u00f3digo Penal, debido al temor generalizado que el accionar provoc\u00f3 en la instituci\u00f3n y la poblaci\u00f3n.<\/p>\n","protected":false},"excerpt":{"rendered":"<p>La Polic\u00eda de Corrientes allan\u00f3 la casa de un alumno de nivel secundario en una ciudad del interior y hall\u00f3 la r\u00e9plica de un arma, luego de que la rectora&hellip; <\/p>\n","protected":false},"author":1,"featured_media":253633,"comment_status":"closed","ping_status":"open","sticky":false,"template":"","format":"standard","meta":{"footnotes":""},"categories":[8],"tags":[],"class_list":["post-253632","post","type-post","status-publish","format-standard","has-post-thumbnail","hentry","category-locales"],"_links":{"self":[{"href":"https:\/\/corrientesdetarde.com\/index.php\/wp-json\/wp\/v2\/posts\/253632","targetHints":{"allow":["GET"]}}],"collection":[{"href":"https:\/\/corrientesdetarde.com\/index.php\/wp-json\/wp\/v2\/posts"}],"about":[{"href":"https:\/\/corrientesdetarde.com\/index.php\/wp-json\/wp\/v2\/types\/post"}],"author":[{"embeddable":true,"href":"https:\/\/corrientesdetarde.com\/index.php\/wp-json\/wp\/v2\/users\/1"}],"replies":[{"embeddable":true,"href":"https:\/\/corrientesdetarde.com\/index.php\/wp-json\/wp\/v2\/comments?post=253632"}],"version-history":[{"count":1,"href":"https:\/\/corrientesdetarde.com\/index.php\/wp-json\/wp\/v2\/posts\/253632\/revisions"}],"predecessor-version":[{"id":253634,"href":"https:\/\/corrientesdetarde.com\/index.php\/wp-json\/wp\/v2\/posts\/253632\/revisions\/253634"}],"wp:featuredmedia":[{"embeddable":true,"href":"https:\/\/corrientesdetarde.com\/index.php\/wp-json\/wp\/v2\/media\/253633"}],"wp:attachment":[{"href":"https:\/\/corrientesdetarde.com\/index.php\/wp-json\/wp\/v2\/media?parent=253632"}],"wp:term":[{"taxonomy":"category","embeddable":true,"href":"https:\/\/corrientesdetarde.com\/index.php\/wp-json\/wp\/v2\/categories?post=253632"},{"taxonomy":"post_tag","embeddable":true,"href":"https:\/\/corrientesdetarde.com\/index.php\/wp-json\/wp\/v2\/tags?post=253632"}],"curies":[{"name":"wp","href":"https:\/\/api.w.org\/{rel}","templated":true}]}}