{"id":253655,"date":"2026-04-23T08:24:41","date_gmt":"2026-04-23T11:24:41","guid":{"rendered":"https:\/\/corrientesdetarde.com\/?p=253655"},"modified":"2026-04-23T08:24:47","modified_gmt":"2026-04-23T11:24:47","slug":"se-pronostican-lluvias-hasta-el-fin-de-semana-y-drastico-descenso-de-temperatura","status":"publish","type":"post","link":"https:\/\/corrientesdetarde.com\/index.php\/clima\/se-pronostican-lluvias-hasta-el-fin-de-semana-y-drastico-descenso-de-temperatura\/","title":{"rendered":"Se pron\u00f3stican lluvias hasta el fin de semana y dr\u00e1stico descenso de temperatura"},"content":{"rendered":"\n<p>Un sistema de tormentas ingresa a la provincia con posibilidad de extenderse hasta el domingo<\/p>\n\n\n\n<p>Luego de d\u00edas sin lluvias en<strong>\u00a0Corrientes<\/strong>, los pron\u00f3sticos indican que podr\u00edan volver a registrarse y por al menos cuatro d\u00edas seguidos. Para este jueves\u00a0<strong>rige alerta amarilla por tormentas fuertes<\/strong>\u00a0y\u00a0podr\u00eda estar acompa\u00f1ado de un\u00a0<strong>marcado descenso de temperatura<\/strong>\u00a0con m\u00e1ximas que descienden a los\u00a0<strong>23\u00b0C<\/strong>. Para la semana pr\u00f3xima las m\u00ednimas rondar\u00e1n los\u00a0<strong>10\u00b0C<\/strong>.\u00a0<\/p>\n\n\n\n<p>las precipitaciones podr\u00edan continuar durante el\u00a0<strong>viernes<\/strong>, con\u00a0<strong>70% de probabilidad<\/strong>\u00a0durante toda la jornada, por lo que promete ser un d\u00eda lluvioso. La temperatura podr\u00eda oscilar entre los\u00a0<strong>26\u00b0C y 19\u00b0C<\/strong>.\u00a0<\/p>\n\n\n\n<h3 class=\"wp-block-heading\">Anticipo de fin de semana\u00a0<\/h3>\n\n\n\n<p>Seg\u00fan el&nbsp;<strong>Servicio Meteorol\u00f3gico Nacional&nbsp;<\/strong>(SMN) para este s\u00e1bado se pronostican lluvias aisladas durante toda la jornada. Para el&nbsp;<strong>domingo&nbsp;<\/strong>se espera que las lluvias contin\u00faen (pero con un 40% de probabilidad) se aguarda el arribo de<strong>&nbsp;vientos por el sur.<\/strong>&nbsp;En ambas jornadas las temperaturas oscilan entre los&nbsp;<strong>24\u00b0C y los 17\u00b0C<\/strong>.&nbsp;<\/p>\n\n\n\n<p>Con los vientos por el sur, las m\u00ednimas bajar\u00edan dr\u00e1sticamente en la regi\u00f3n a partir del lunes cuando la m\u00ednima alcance los&nbsp;<strong>&nbsp;13\u00b0C<\/strong>, mientras la m\u00e1xima ronde los&nbsp;<strong>24\u00b0C.<\/strong>&nbsp;Las temperaturas podr\u00edan seguir descendiendo el martes cuando se espera que la m\u00e1s bajada llegue a los<strong>&nbsp;10\u00b0C y la m\u00e1s alta a los 21\u00b0C<\/strong>.<\/p>\n","protected":false},"excerpt":{"rendered":"<p>Un sistema de tormentas ingresa a la provincia con posibilidad de extenderse hasta el domingo Luego de d\u00edas sin lluvias en\u00a0Corrientes, los pron\u00f3sticos indican que podr\u00edan volver a registrarse y&hellip; <\/p>\n","protected":false},"author":8,"featured_media":253656,"comment_status":"closed","ping_status":"open","sticky":false,"template":"","format":"standard","meta":{"footnotes":""},"categories":[29],"tags":[],"class_list":["post-253655","post","type-post","status-publish","format-standard","has-post-thumbnail","hentry","category-clima"],"_links":{"self":[{"href":"https:\/\/corrientesdetarde.com\/index.php\/wp-json\/wp\/v2\/posts\/253655","targetHints":{"allow":["GET"]}}],"collection":[{"href":"https:\/\/corrientesdetarde.com\/index.php\/wp-json\/wp\/v2\/posts"}],"about":[{"href":"https:\/\/corrientesdetarde.com\/index.php\/wp-json\/wp\/v2\/types\/post"}],"author":[{"embeddable":true,"href":"https:\/\/corrientesdetarde.com\/index.php\/wp-json\/wp\/v2\/users\/8"}],"replies":[{"embeddable":true,"href":"https:\/\/corrientesdetarde.com\/index.php\/wp-json\/wp\/v2\/comments?post=253655"}],"version-history":[{"count":1,"href":"https:\/\/corrientesdetarde.com\/index.php\/wp-json\/wp\/v2\/posts\/253655\/revisions"}],"predecessor-version":[{"id":253657,"href":"https:\/\/corrientesdetarde.com\/index.php\/wp-json\/wp\/v2\/posts\/253655\/revisions\/253657"}],"wp:featuredmedia":[{"embeddable":true,"href":"https:\/\/corrientesdetarde.com\/index.php\/wp-json\/wp\/v2\/media\/253656"}],"wp:attachment":[{"href":"https:\/\/corrientesdetarde.com\/index.php\/wp-json\/wp\/v2\/media?parent=253655"}],"wp:term":[{"taxonomy":"category","embeddable":true,"href":"https:\/\/corrientesdetarde.com\/index.php\/wp-json\/wp\/v2\/categories?post=253655"},{"taxonomy":"post_tag","embeddable":true,"href":"https:\/\/corrientesdetarde.com\/index.php\/wp-json\/wp\/v2\/tags?post=253655"}],"curies":[{"name":"wp","href":"https:\/\/api.w.org\/{rel}","templated":true}]}}