{"id":253793,"date":"2026-04-24T09:01:15","date_gmt":"2026-04-24T12:01:15","guid":{"rendered":"https:\/\/corrientesdetarde.com\/?p=253793"},"modified":"2026-04-24T09:01:17","modified_gmt":"2026-04-24T12:01:17","slug":"gala-de-lujo-en-el-vera-jairo-sinfonico-llega-a-corrientes","status":"publish","type":"post","link":"https:\/\/corrientesdetarde.com\/index.php\/informacion-general\/gala-de-lujo-en-el-vera-jairo-sinfonico-llega-a-corrientes\/","title":{"rendered":"Gala de lujo en el Vera: Jairo Sinf\u00f3nico llega a Corrientes"},"content":{"rendered":"\n<p>El escenario mayor de la provincia se viste de gala para recibir a una de las voces m\u00e1s queridas de Argentina. El pr\u00f3ximo s\u00e1bado 30 de mayo a las 21:00, el teatro oficial Juan de Vera ser\u00e1 el epicentro de un encuentro musical hist\u00f3rico: Jairo se presentar\u00e1 junto a la Orquesta Sinf\u00f3nica de la Provincia de Corrientes.<\/p>\n\n\n\n<p>Tras el \u00e9xito rotundo de su proyecto &#8220;50 a\u00f1os de M\u00fasica&#8221;, en que revisit\u00f3 sus cl\u00e1sicos junto a artistas de diversas generaciones, el trovador cordob\u00e9s desembarca en el recientemente renovado coliseo correntino para elevar su repertorio a una dimensi\u00f3n orquestal. La velada promete ser entra\u00f1able no solo por la potencia de la Sinf\u00f3nica, sino tambi\u00e9n por la participaci\u00f3n especial de su nieto, Fran Posse, consolidando un legado familiar que trasciende el tiempo sobre las tablas.<\/p>\n\n\n\n<p>Las entradas para este espect\u00e1culo, que fusiona la maestr\u00eda t\u00e9cnica con la sensibilidad del canto de autor, ya se encuentran disponibles a trav\u00e9s de la plataforma Weepas y en la boleter\u00eda del teatro (San Juan 637).<\/p>\n","protected":false},"excerpt":{"rendered":"<p>El escenario mayor de la provincia se viste de gala para recibir a una de las voces m\u00e1s queridas de Argentina. El pr\u00f3ximo s\u00e1bado 30 de mayo a las 21:00,&hellip; <\/p>\n","protected":false},"author":3,"featured_media":253810,"comment_status":"closed","ping_status":"open","sticky":false,"template":"","format":"standard","meta":{"footnotes":""},"categories":[1],"tags":[],"class_list":["post-253793","post","type-post","status-publish","format-standard","has-post-thumbnail","hentry","category-informacion-general"],"_links":{"self":[{"href":"https:\/\/corrientesdetarde.com\/index.php\/wp-json\/wp\/v2\/posts\/253793","targetHints":{"allow":["GET"]}}],"collection":[{"href":"https:\/\/corrientesdetarde.com\/index.php\/wp-json\/wp\/v2\/posts"}],"about":[{"href":"https:\/\/corrientesdetarde.com\/index.php\/wp-json\/wp\/v2\/types\/post"}],"author":[{"embeddable":true,"href":"https:\/\/corrientesdetarde.com\/index.php\/wp-json\/wp\/v2\/users\/3"}],"replies":[{"embeddable":true,"href":"https:\/\/corrientesdetarde.com\/index.php\/wp-json\/wp\/v2\/comments?post=253793"}],"version-history":[{"count":1,"href":"https:\/\/corrientesdetarde.com\/index.php\/wp-json\/wp\/v2\/posts\/253793\/revisions"}],"predecessor-version":[{"id":253846,"href":"https:\/\/corrientesdetarde.com\/index.php\/wp-json\/wp\/v2\/posts\/253793\/revisions\/253846"}],"wp:featuredmedia":[{"embeddable":true,"href":"https:\/\/corrientesdetarde.com\/index.php\/wp-json\/wp\/v2\/media\/253810"}],"wp:attachment":[{"href":"https:\/\/corrientesdetarde.com\/index.php\/wp-json\/wp\/v2\/media?parent=253793"}],"wp:term":[{"taxonomy":"category","embeddable":true,"href":"https:\/\/corrientesdetarde.com\/index.php\/wp-json\/wp\/v2\/categories?post=253793"},{"taxonomy":"post_tag","embeddable":true,"href":"https:\/\/corrientesdetarde.com\/index.php\/wp-json\/wp\/v2\/tags?post=253793"}],"curies":[{"name":"wp","href":"https:\/\/api.w.org\/{rel}","templated":true}]}}