{"id":253832,"date":"2026-04-24T08:00:32","date_gmt":"2026-04-24T11:00:32","guid":{"rendered":"https:\/\/corrientesdetarde.com\/?p=253832"},"modified":"2026-04-24T08:00:45","modified_gmt":"2026-04-24T11:00:45","slug":"valdes-sobre-la-planta-en-ituzaingo-corrientes-entra-en-otra-escala","status":"publish","type":"post","link":"https:\/\/corrientesdetarde.com\/index.php\/locales\/valdes-sobre-la-planta-en-ituzaingo-corrientes-entra-en-otra-escala\/","title":{"rendered":"Vald\u00e9s sobre la planta en Ituzaing\u00f3: &#8220;Corrientes entra en otra escala&#8221;"},"content":{"rendered":"\n<p>Ante diversas c\u00e1maras empresariales, el Gobernador present\u00f3 el proyecto de la planta de fibra de pino en Ituzaing\u00f3. Destac\u00f3 la inversi\u00f3n de 2.000 millones de d\u00f3lares, el rol del sector privado y el impacto en el empleo y la industrializaci\u00f3n de Corrientes.<\/p>\n\n\n\n<p>La presentaci\u00f3n del proyecto de instalaci\u00f3n de una planta de fibra de pino de alta calidad en Ituzaing\u00f3 protagoniz\u00f3 la agenda productiva de esta semana del Gobierno provincial. Con una inversi\u00f3n estimada en 2.000 millones de d\u00f3lares y la promesa de generar hasta 13.000 puestos de trabajo entre directos e indirectos, el gobernador Juan Pablo Vald\u00e9s encabez\u00f3 un encuentro con c\u00e1maras empresariales para exponer los alcances de la iniciativa y delinear el rol estrat\u00e9gico del sector privado local.<\/p>\n\n\n\n<p>El auditorio Juli\u00e1n Zini fue el escenario donde confluyeron representantes de entidades como la FEC, FECORR, AFOA y APEFIC junto a directivos de la firma Arpulp S. A., responsable del emprendimiento. All\u00ed, el mandatario provincial no solo present\u00f3 los lineamientos t\u00e9cnicos del proyecto, sino que busc\u00f3 instalar una definici\u00f3n pol\u00edtica clara: la iniciativa excede a una gesti\u00f3n y requiere una articulaci\u00f3n sostenida para consolidar un proceso de industrializaci\u00f3n de largo plazo.<\/p>\n\n\n\n<p>&#8220;Estamos ante un proyecto que no es de un gobierno, sino de una provincia que quiere crecer&#8221;, sostuvo Vald\u00e9s, al tiempo que subray\u00f3 que la clave estar\u00e1 en la capacidad de los actores locales para integrarse a la cadena de valor. En ese sentido, insisti\u00f3 en que &#8220;el sector privado va a tener que generar sus propias inversiones para brindar servicios e insumos, y de ese modo aprovechar con empresas correntinas el impulso de esta nueva industria&#8221;.<\/p>\n\n\n\n<p>El planteo del Gobernador apunta a evitar que la llegada de capitales externos funcione como un enclave aislado. Por el contrario, la estrategia oficial busca que el desembarco de Arpulp tenga un efecto multiplicador sobre distintas actividades econ\u00f3micas. Transporte, construcci\u00f3n, log\u00edstica y hoteler\u00eda aparecen entre los rubros que podr\u00edan experimentar un crecimiento acelerado en funci\u00f3n de la demanda que generar\u00e1 el proyecto.<\/p>\n\n\n\n<figure class=\"wp-block-image\"><img decoding=\"async\" src=\"https:\/\/www.diarioepoca.com\/content\/bucket\/9\/1485449w380h178c.jpg.webp\" alt=\"\"\/><\/figure>\n\n\n\n<p>Desde el sector empresarial, la recepci\u00f3n fue positiva y con expectativas elevadas. Referentes de las c\u00e1maras coincidieron en se\u00f1alar que la magnitud de la inversi\u00f3n posiciona a Corrientes en un lugar central dentro del mapa foresto-industrial del pa\u00eds. La iniciativa, incluso, fue definida como un cambio estructural que podr\u00eda redefinir el perfil productivo provincial.<\/p>\n\n\n\n<p>En su exposici\u00f3n, Vald\u00e9s tambi\u00e9n puso el foco en uno de los desaf\u00edos centrales que plantea el proyecto: la formaci\u00f3n de recursos humanos. &#8220;Tenemos que trabajar desde ahora en la capacitaci\u00f3n de nuestros j\u00f3venes para que puedan ocupar los puestos que se van a generar&#8221;, afirm\u00f3. La articulaci\u00f3n entre el Estado, el sistema educativo y el sector productivo aparece, en este esquema, como una condici\u00f3n necesaria para garantizar que el empleo que se genere tenga impacto directo en la poblaci\u00f3n local.<\/p>\n\n\n\n<p>El mandatario remarc\u00f3 que la planificaci\u00f3n no es improvisada. Seg\u00fan explic\u00f3, la inversi\u00f3n anunciada es el resultado de un proceso que lleva m\u00e1s de un a\u00f1o de gestiones, estudios t\u00e9cnicos y negociaciones. En ese marco, destac\u00f3 la importancia de acompa\u00f1ar el desarrollo industrial con infraestructura adecuada y pol\u00edticas p\u00fablicas que faciliten la radicaci\u00f3n de nuevas empresas.<\/p>\n\n\n\n<p>Otro de los ejes de su discurso fue el arraigo. &#8220;Queremos que los correntinos encuentren trabajo de calidad sin tener que irse de la provincia&#8221;, expres\u00f3, en una frase que sintetiza uno de los objetivos pol\u00edticos del proyecto: transformar la estructura econ\u00f3mica para retener talento y generar oportunidades sostenibles.<\/p>\n\n\n\n<figure class=\"wp-block-image\"><img decoding=\"async\" src=\"https:\/\/www.diarioepoca.com\/content\/bucket\/0\/1485450w380h178c.jpg.webp\" alt=\"\"\/><\/figure>\n\n\n\n<p>Durante el encuentro, JP Vald\u00e9s subray\u00f3 la importancia de integrar a las empresas locales en el proyecto, y remarc\u00f3 la necesidad de fortalecer la formaci\u00f3n t\u00e9cnica de los correntinos a trav\u00e9s de la articulaci\u00f3n entre el Estado, el sistema educativo y el sector productivo para dar respuesta a la demanda de mano de obra especializada que tendr\u00e1 la iniciativa.<\/p>\n\n\n\n<p>En sinton\u00eda, Fernando Correa, director del proyecto, subray\u00f3 que el objetivo central es desarrollar las condiciones para que los j\u00f3venes talentos &#8220;en un futuro no se tengan que ir y que tengan un puesto de trabajo de calidad en su provincia&#8221;.<\/p>\n\n\n\n<p>Alejandra Aranda, CEO de la firma, tambi\u00e9n puso el foco en la articulaci\u00f3n con el sistema educativo y universidades: &#8220;Ya estamos dialogando con el sector educativo para que puedan prepararse en funci\u00f3n de las necesidades que va a tener una empresa de estas caracter\u00edsticas&#8221;, explic\u00f3.<\/p>\n\n\n\n<h2 class=\"wp-block-heading\">Detalles<\/h2>\n\n\n\n<p>El proyecto de la planta de fibra de pino se inscribe dentro de una estrategia m\u00e1s amplia de agregado de valor a la producci\u00f3n forestal. Corrientes cuenta con una de las mayores superficies forestadas del pa\u00eds, pero hist\u00f3ricamente ha tenido un perfil primario-exportador.<\/p>\n\n\n\n<p>La instalaci\u00f3n de esta industria apunta a revertir esa l\u00f3gica, incorporando tecnolog\u00eda y procesos industriales que permitan escalar la producci\u00f3n.<\/p>\n\n\n\n<p>En la etapa actual, el proyecto avanza en estudios de ingenier\u00eda y evaluaci\u00f3n de impacto ambiental, pasos clave para su ejecuci\u00f3n.<\/p>\n\n\n\n<p>Seg\u00fan lo expuesto durante la presentaci\u00f3n, la construcci\u00f3n de la planta demandar\u00e1 alrededor de un a\u00f1o y medio, per\u00edodo en el cual comenzar\u00e1n a generarse los primeros puestos de trabajo vinculados a la obra.<\/p>\n\n\n\n<h2 class=\"wp-block-heading\">Proyecci\u00f3n laboral<\/h2>\n\n\n\n<p>El ministro secretario general de la Gobernaci\u00f3n, Juan Pablo Fornaroli, aport\u00f3 precisiones sobre el cronograma y el impacto en el empleo. &#8220;Dentro de un a\u00f1o y medio 5.000 correntinos estar\u00edan trabajando en el emprendimiento foresto-industrial de Ituzaing\u00f3&#8221;, se\u00f1al\u00f3.<\/p>\n\n\n\n<p>En di\u00e1logo con Radio Dos, Fornaroli detall\u00f3 que el proceso ya est\u00e1 en marcha: &#8220;De ac\u00e1 a un a\u00f1o vamos a tener unos 5.000 correntinos trabajando de manera directa en el lugar. Y por eso ya estamos encarando un proceso de desarrollo para formar a nuestros chicos&#8221;.<\/p>\n\n\n\n<p>El funcionario enfatiz\u00f3 que la preparaci\u00f3n del mercado laboral es una prioridad inmediata. &#8220;Vamos a formar al mercado laboral con trabajo directo. Por eso muchos organismos est\u00e1n trabajando en eso, acorde a la inversi\u00f3n anunciada hace 10 d\u00edas pero que se viene programando desde hace m\u00e1s de un a\u00f1o&#8221;, explic\u00f3.<\/p>\n\n\n\n<p>Asimismo, indic\u00f3 que el impacto no se limitar\u00e1 al \u00e1mbito industrial, sino que tambi\u00e9n implicar\u00e1 una transformaci\u00f3n urbana en Ituzaing\u00f3.<\/p>\n\n\n\n<p>&#8220;Es importante el proceso de preparaci\u00f3n e inversi\u00f3n de la ciudad de cara a lo que va a recibir, ya que generar\u00e1 una mano de obra previa&#8221;, afirm\u00f3, aludiendo a la llegada de inversiones privadas asociadas a la demanda que generar\u00e1 el proyecto.<\/p>\n\n\n\n<p>Fornaroli tambi\u00e9n subray\u00f3 que existen etapas previas a la construcci\u00f3n que ya est\u00e1n generando movimiento econ\u00f3mico. &#8220;La construcci\u00f3n de la empresa ser\u00e1 a un a\u00f1o y medio, pero hay cuestiones previas que se van a dar para recibir a todos los que ir\u00e1n a trabajar a la ciudad&#8221;, concluy\u00f3.<\/p>\n\n\n\n<p>De este modo, el proyecto presentado por Vald\u00e9s no solo se perfila como una de las mayores inversiones industriales en la historia reciente de la provincia, sino tambi\u00e9n como una apuesta pol\u00edtica a reconfigurar su matriz productiva, con el empleo y la articulaci\u00f3n p\u00fablico-privada como ejes centrales.<\/p>\n","protected":false},"excerpt":{"rendered":"<p>Ante diversas c\u00e1maras empresariales, el Gobernador present\u00f3 el proyecto de la planta de fibra de pino en Ituzaing\u00f3. Destac\u00f3 la inversi\u00f3n de 2.000 millones de d\u00f3lares, el rol del sector&hellip; <\/p>\n","protected":false},"author":3,"featured_media":253804,"comment_status":"closed","ping_status":"open","sticky":false,"template":"","format":"standard","meta":{"footnotes":""},"categories":[8],"tags":[],"class_list":["post-253832","post","type-post","status-publish","format-standard","has-post-thumbnail","hentry","category-locales"],"_links":{"self":[{"href":"https:\/\/corrientesdetarde.com\/index.php\/wp-json\/wp\/v2\/posts\/253832","targetHints":{"allow":["GET"]}}],"collection":[{"href":"https:\/\/corrientesdetarde.com\/index.php\/wp-json\/wp\/v2\/posts"}],"about":[{"href":"https:\/\/corrientesdetarde.com\/index.php\/wp-json\/wp\/v2\/types\/post"}],"author":[{"embeddable":true,"href":"https:\/\/corrientesdetarde.com\/index.php\/wp-json\/wp\/v2\/users\/3"}],"replies":[{"embeddable":true,"href":"https:\/\/corrientesdetarde.com\/index.php\/wp-json\/wp\/v2\/comments?post=253832"}],"version-history":[{"count":1,"href":"https:\/\/corrientesdetarde.com\/index.php\/wp-json\/wp\/v2\/posts\/253832\/revisions"}],"predecessor-version":[{"id":253840,"href":"https:\/\/corrientesdetarde.com\/index.php\/wp-json\/wp\/v2\/posts\/253832\/revisions\/253840"}],"wp:featuredmedia":[{"embeddable":true,"href":"https:\/\/corrientesdetarde.com\/index.php\/wp-json\/wp\/v2\/media\/253804"}],"wp:attachment":[{"href":"https:\/\/corrientesdetarde.com\/index.php\/wp-json\/wp\/v2\/media?parent=253832"}],"wp:term":[{"taxonomy":"category","embeddable":true,"href":"https:\/\/corrientesdetarde.com\/index.php\/wp-json\/wp\/v2\/categories?post=253832"},{"taxonomy":"post_tag","embeddable":true,"href":"https:\/\/corrientesdetarde.com\/index.php\/wp-json\/wp\/v2\/tags?post=253832"}],"curies":[{"name":"wp","href":"https:\/\/api.w.org\/{rel}","templated":true}]}}