{"id":253836,"date":"2026-04-24T08:01:07","date_gmt":"2026-04-24T11:01:07","guid":{"rendered":"https:\/\/corrientesdetarde.com\/?p=253836"},"modified":"2026-04-24T08:01:08","modified_gmt":"2026-04-24T11:01:08","slug":"arteco-anuncia-su-edicion-en-el-museo-nande-mac","status":"publish","type":"post","link":"https:\/\/corrientesdetarde.com\/index.php\/actualidad\/arteco-anuncia-su-edicion-en-el-museo-nande-mac\/","title":{"rendered":"ArteCo anuncia su edici\u00f3n en el museo \u00d1ande Mac"},"content":{"rendered":"\n<p>La edici\u00f3n 2026 de ArteCo tendr\u00e1 hoy su presentaci\u00f3n en Casa de Gobierno. Prevista para las 11, se dar\u00e1n a conocer los proyectos seleccionados para participar de la feria.<\/p>\n\n\n\n<p>El acto estar\u00e1 encabezado por autoridades provinciales y por la presidencia del Instituto de Cultura que vienen posicionando a ArteCo como una de las plataformas clave para el arte contempor\u00e1neo del Nordeste Argentino.<\/p>\n\n\n\n<p>Seg\u00fan adelantaron desde Cultura, ArteCo 2026 se desarrollar\u00e1 del 21 al 24 de mayo en el Museo de Arte Contempor\u00e1neo de Corrientes (MACC), consolidando un polo de exhibici\u00f3n, venta y reflexi\u00f3n sobre las artes visuales locales y regionales. A lo largo de cuatro d\u00edas, galer\u00edas, colectivos y artistas individuales compartir\u00e1n stands, muestras, charlas y actividades especiales, en di\u00e1logo con curadores, gestores culturales y p\u00fablico general.<\/p>\n\n\n\n<p>Organizada por el Gobierno de la Provincia a trav\u00e9s del Instituto de Cultura, la feria llega a su octava edici\u00f3n consecutiva y se afirma como un espacio que articula arte, mercado y museo, poniendo en valor la producci\u00f3n de Corrientes y las provincias vecinas. Con curadur\u00eda de Marcelo Dansey, la propuesta de este a\u00f1o apunta a visibilizar y fortalecer la escena de las artes visuales del Nordeste, promoviendo la profesionalizaci\u00f3n, la experimentaci\u00f3n y la circulaci\u00f3n de bienes culturales.<\/p>\n\n\n\n<p>En los \u00faltimos meses, ArteCo 2026 mantuvo abierta una convocatoria para artistas, galer\u00edas y colectivos, que fue extendida hasta el 6 de abril para favorecer una participaci\u00f3n m\u00e1s amplia. La feria habilit\u00f3 distintas categor\u00edas, entre ellas &#8220;Piezas de Museo&#8221; para galer\u00edas y emprendimientos privados, &#8220;Colectivos y proyectos especiales&#8221; para iniciativas independientes y &#8220;Solo Show&#8221; para artistas individuales oriundos de Corrientes o con residencia comprobable en la provincia.<\/p>\n\n\n\n<p>Las postulaciones son evaluadas por un comit\u00e9 de selecci\u00f3n integrado por especialistas en gesti\u00f3n de colecciones, profesionales del \u00e1mbito muse\u00edstico contempor\u00e1neo y artistas con trayectoria en la regi\u00f3n, lo que garantiza un recorte curatorial atento tanto a la calidad como a la diversidad de propuestas. En la presentaci\u00f3n de hoy se espera conocer los nombres de las galer\u00edas, los colectivos y los artistas que formar\u00e1n parte del hall principal, las salas del MACC y las actividades sat\u00e9lite en otros espacios de la ciudad.<\/p>\n\n\n\n<p>La edici\u00f3n 2026 profundizar\u00e1 adem\u00e1s un eje de reflexi\u00f3n en torno a los procesos de patrimonializaci\u00f3n y construcci\u00f3n de memoria en el arte contempor\u00e1neo, proponiendo mesas, conversatorios y recorridos guiados para poner en discusi\u00f3n c\u00f3mo se conserva, se colecciona y se narra la producci\u00f3n visual actual. En ese sentido, la feria funciona tanto como espacio de comercializaci\u00f3n como laboratorio de ideas, donde artistas, curadores, gestores y p\u00fablico pueden encontrarse y debatir.<\/p>\n\n\n\n<p>La cita de hoy a las 11 en el Sal\u00f3n Amarillo marca el inicio formal del camino hacia cuatro jornadas de mayo en que Corrientes volver\u00e1 a ser, una vez m\u00e1s, capital regional del arte.<\/p>\n","protected":false},"excerpt":{"rendered":"<p>La edici\u00f3n 2026 de ArteCo tendr\u00e1 hoy su presentaci\u00f3n en Casa de Gobierno. Prevista para las 11, se dar\u00e1n a conocer los proyectos seleccionados para participar de la feria. El&hellip; <\/p>\n","protected":false},"author":3,"featured_media":253808,"comment_status":"closed","ping_status":"open","sticky":false,"template":"","format":"standard","meta":{"footnotes":""},"categories":[23],"tags":[],"class_list":["post-253836","post","type-post","status-publish","format-standard","has-post-thumbnail","hentry","category-actualidad"],"_links":{"self":[{"href":"https:\/\/corrientesdetarde.com\/index.php\/wp-json\/wp\/v2\/posts\/253836","targetHints":{"allow":["GET"]}}],"collection":[{"href":"https:\/\/corrientesdetarde.com\/index.php\/wp-json\/wp\/v2\/posts"}],"about":[{"href":"https:\/\/corrientesdetarde.com\/index.php\/wp-json\/wp\/v2\/types\/post"}],"author":[{"embeddable":true,"href":"https:\/\/corrientesdetarde.com\/index.php\/wp-json\/wp\/v2\/users\/3"}],"replies":[{"embeddable":true,"href":"https:\/\/corrientesdetarde.com\/index.php\/wp-json\/wp\/v2\/comments?post=253836"}],"version-history":[{"count":1,"href":"https:\/\/corrientesdetarde.com\/index.php\/wp-json\/wp\/v2\/posts\/253836\/revisions"}],"predecessor-version":[{"id":253842,"href":"https:\/\/corrientesdetarde.com\/index.php\/wp-json\/wp\/v2\/posts\/253836\/revisions\/253842"}],"wp:featuredmedia":[{"embeddable":true,"href":"https:\/\/corrientesdetarde.com\/index.php\/wp-json\/wp\/v2\/media\/253808"}],"wp:attachment":[{"href":"https:\/\/corrientesdetarde.com\/index.php\/wp-json\/wp\/v2\/media?parent=253836"}],"wp:term":[{"taxonomy":"category","embeddable":true,"href":"https:\/\/corrientesdetarde.com\/index.php\/wp-json\/wp\/v2\/categories?post=253836"},{"taxonomy":"post_tag","embeddable":true,"href":"https:\/\/corrientesdetarde.com\/index.php\/wp-json\/wp\/v2\/tags?post=253836"}],"curies":[{"name":"wp","href":"https:\/\/api.w.org\/{rel}","templated":true}]}}