{"id":254068,"date":"2026-04-26T17:08:01","date_gmt":"2026-04-26T20:08:01","guid":{"rendered":"https:\/\/corrientesdetarde.com\/?p=254068"},"modified":"2026-04-26T17:08:14","modified_gmt":"2026-04-26T20:08:14","slug":"corrientes-firmo-un-convenio-con-dos-fundaciones-para-fortalecer-la-alfabetizacion-temprana","status":"publish","type":"post","link":"https:\/\/corrientesdetarde.com\/index.php\/actualidad\/corrientes-firmo-un-convenio-con-dos-fundaciones-para-fortalecer-la-alfabetizacion-temprana\/","title":{"rendered":"Corrientes firm\u00f3 un convenio con dos fundaciones para fortalecer la alfabetizaci\u00f3n temprana"},"content":{"rendered":"\n<p><strong><em>Con el objetivo de avanzar en el fortalecimiento de las pol\u00edticas de alfabetizaci\u00f3n desde los primeros a\u00f1os de escolaridad, la ministra de Educaci\u00f3n Ana Mi\u00f1o se reuni\u00f3 el viernes con representantes de la Fundaci\u00f3n Instituto Natura Argentina y la Fundaci\u00f3n P\u00e9rez Companc. Durante el encuentro se rubric\u00f3 un convenio de colaboraci\u00f3n entre el Gobierno Provincial y las dos fundaciones.<\/em><\/strong><\/p>\n\n\n\n<p>El Gobierno de Corrientes a trav\u00e9s del Ministerio de Educaci\u00f3n, contin\u00faa fortaleciendo sus pol\u00edticas de alfabetizaci\u00f3n y en ese marco, la titular de la cartera educativa se reuni\u00f3 ayer viernes, con la representante de la Fundaci\u00f3n Instituto Natura Argentina, Florencia Mezzadra y la responsable de Programas de Educaci\u00f3n de la Fundaci\u00f3n P\u00e9rez Companc, Mar\u00eda Victoria Colugnatti; el encuentro cont\u00f3 tambi\u00e9n con la participaci\u00f3n del director de Planeamiento e Investigaci\u00f3n Educativa Julio Simonit; y parte del equipo de Alfabetizaci\u00f3n.<\/p>\n\n\n\n<p>En la oportunidad se analiz\u00f3 el camino recorrido en el marco del Programa Infancia, orientado al desarrollo del lenguaje y la alfabetizaci\u00f3n temprana en el nivel inicial y se definieron otras l\u00edneas de acci\u00f3n que ser\u00e1n incorporadas. De esta manera se busca garantizar que los estudiantes desde primer grado lean y escriban.<\/p>\n\n\n\n<p>\u201cIniciamos esta jornada mirando un poco el camino recorrido y luego compartimos los resultados obtenidos en distintas instancias evaluativas del programa Infancias y el Programa Corrientes Aprende\u201d, cont\u00f3 el director de Planeamiento e Investigaci\u00f3n Educativa Julio Simonit y agreg\u00f3: \u201cMiramos d\u00f3nde nos encontramos hoy para proyectar de manera conjunta el camino a seguir a lo largo del ciclo lectivo 2026 en materia de alfabetizaci\u00f3n\u201d.<\/p>\n\n\n\n<p>En esta misma l\u00ednea el 28 de abril el Ministerio realizar\u00e1 el lanzamiento de tres dispositivos de formaci\u00f3n docente. \u201cEn este proceso de transformaci\u00f3n, la formaci\u00f3n docente cont\u00ednua juega un roll preponderante\u201d, remarc\u00f3 el funcionario.<\/p>\n\n\n\n<p>Vale se\u00f1alar que durante la reuni\u00f3n se formaliz\u00f3 un convenio marco de colaboraci\u00f3n que permitir\u00e1 continuar consolidando el trabajo articulado en pos de asegurar una mejora permanente en la ense\u00f1anza y en los aprendizajes.<\/p>\n\n\n\n<p>\u201cLas Fundaciones Instituto Natura Argentina y P\u00e9rez Companc firmamos hoy un convenio con el Gobierno de Corrientes para acompa\u00f1arlos en su pol\u00edtica de fortalecimiento de la alfabetizaci\u00f3n inicial\u201d, confirm\u00f3 Florencia Mezzadra de Natura Argentina y aprovech\u00f3 para destacar la labor del equipo del Ministerio de Educaci\u00f3n de Corrientes.<\/p>\n","protected":false},"excerpt":{"rendered":"<p>Con el objetivo de avanzar en el fortalecimiento de las pol\u00edticas de alfabetizaci\u00f3n desde los primeros a\u00f1os de escolaridad, la ministra de Educaci\u00f3n Ana Mi\u00f1o se reuni\u00f3 el viernes con&hellip; <\/p>\n","protected":false},"author":4,"featured_media":254069,"comment_status":"closed","ping_status":"open","sticky":false,"template":"","format":"standard","meta":{"footnotes":""},"categories":[23],"tags":[],"class_list":["post-254068","post","type-post","status-publish","format-standard","has-post-thumbnail","hentry","category-actualidad"],"_links":{"self":[{"href":"https:\/\/corrientesdetarde.com\/index.php\/wp-json\/wp\/v2\/posts\/254068","targetHints":{"allow":["GET"]}}],"collection":[{"href":"https:\/\/corrientesdetarde.com\/index.php\/wp-json\/wp\/v2\/posts"}],"about":[{"href":"https:\/\/corrientesdetarde.com\/index.php\/wp-json\/wp\/v2\/types\/post"}],"author":[{"embeddable":true,"href":"https:\/\/corrientesdetarde.com\/index.php\/wp-json\/wp\/v2\/users\/4"}],"replies":[{"embeddable":true,"href":"https:\/\/corrientesdetarde.com\/index.php\/wp-json\/wp\/v2\/comments?post=254068"}],"version-history":[{"count":1,"href":"https:\/\/corrientesdetarde.com\/index.php\/wp-json\/wp\/v2\/posts\/254068\/revisions"}],"predecessor-version":[{"id":254070,"href":"https:\/\/corrientesdetarde.com\/index.php\/wp-json\/wp\/v2\/posts\/254068\/revisions\/254070"}],"wp:featuredmedia":[{"embeddable":true,"href":"https:\/\/corrientesdetarde.com\/index.php\/wp-json\/wp\/v2\/media\/254069"}],"wp:attachment":[{"href":"https:\/\/corrientesdetarde.com\/index.php\/wp-json\/wp\/v2\/media?parent=254068"}],"wp:term":[{"taxonomy":"category","embeddable":true,"href":"https:\/\/corrientesdetarde.com\/index.php\/wp-json\/wp\/v2\/categories?post=254068"},{"taxonomy":"post_tag","embeddable":true,"href":"https:\/\/corrientesdetarde.com\/index.php\/wp-json\/wp\/v2\/tags?post=254068"}],"curies":[{"name":"wp","href":"https:\/\/api.w.org\/{rel}","templated":true}]}}