{"id":254071,"date":"2026-04-26T17:10:40","date_gmt":"2026-04-26T20:10:40","guid":{"rendered":"https:\/\/corrientesdetarde.com\/?p=254071"},"modified":"2026-04-26T17:10:52","modified_gmt":"2026-04-26T20:10:52","slug":"hospital-pediatrico-de-goya-un-pilar-regional-con-mas-de-8-800-atenciones-en-lo-que-va-del-ano","status":"publish","type":"post","link":"https:\/\/corrientesdetarde.com\/index.php\/locales\/hospital-pediatrico-de-goya-un-pilar-regional-con-mas-de-8-800-atenciones-en-lo-que-va-del-ano\/","title":{"rendered":"Hospital Pedi\u00e1trico de Goya: Un pilar regional con m\u00e1s de 8.800 atenciones en lo que va del a\u00f1o"},"content":{"rendered":"\n<p><em>El nosocomio, brinda m\u00e1s de quince servicios dirigidos a ni\u00f1os, ni\u00f1as y adolescentes. La directora de la instituci\u00f3n, indic\u00f3 que uno de los m\u00e1s requeridos fue Otorrinolaringolog\u00eda, Psicolog\u00eda y Fonoaudiolog\u00eda.<\/em><\/p>\n\n\n\n<p>El hospital pedi\u00e1trico de Goya \u201c\u00c1ngel de la Guarda\u201d que depende del Ministerio de Salud P\u00fablica a cargo de Emilio Lanari Zubiaur, realiz\u00f3 m\u00e1s de 8.800 mil atenciones en los primeros meses de este a\u00f1o. Entre los servicios m\u00e1s requeridos se encuentra Fonoaudiolog\u00eda y Psicolog\u00eda pedi\u00e1trica. Tambi\u00e9n, precisaron que hubo, hasta la segunda semana de abril inclusive, cerca de 600 internaciones.&nbsp;<br>La directora del nosocomio, Valeria Agostina Heine, indic\u00f3 que, desde enero hasta el viernes 17 de abril, &#8220;se registraron 8.874 atenciones en el centro de salud&#8221;. El hospital, cuenta con m\u00e1s de quince servicios y entre estos se encuentra Psicolog\u00eda pedi\u00e1trica que tuvo 393 consultas.&nbsp;<br>Otras de las \u00e1reas con n\u00famero similar fue Fonoaudiolog\u00eda con 368 pacientes atendidos. En Otorrinolaringolog\u00eda pedi\u00e1trica, fueron 278. Adem\u00e1s, en Cardiolog\u00eda \u2013electrocardiograma- 181 y en Neumonolog\u00eda, 62.&nbsp;<br>Tambi\u00e9n, recibieron pacientes en Psicopedagog\u00eda, Quemados, Ecograf\u00eda, Salud Mental, Nutrici\u00f3n, Medicina General, Emergencia y Cirug\u00eda General, entre otras.&nbsp;<br>El hospital fue inaugurado en agosto del 2025 por el Gobierno provincial. La instituci\u00f3n fue consolidada como un proyecto clave para fortalecer la infraestructura de atenci\u00f3n m\u00e9dica infantil en la regi\u00f3n. El edificio abarca un total de 1.700 metros cuadrados, distribuidos en dos plantas.<\/p>\n","protected":false},"excerpt":{"rendered":"<p>El nosocomio, brinda m\u00e1s de quince servicios dirigidos a ni\u00f1os, ni\u00f1as y adolescentes. La directora de la instituci\u00f3n, indic\u00f3 que uno de los m\u00e1s requeridos fue Otorrinolaringolog\u00eda, Psicolog\u00eda y Fonoaudiolog\u00eda.&hellip; <\/p>\n","protected":false},"author":4,"featured_media":254072,"comment_status":"closed","ping_status":"open","sticky":false,"template":"","format":"standard","meta":{"footnotes":""},"categories":[8],"tags":[],"class_list":["post-254071","post","type-post","status-publish","format-standard","has-post-thumbnail","hentry","category-locales"],"_links":{"self":[{"href":"https:\/\/corrientesdetarde.com\/index.php\/wp-json\/wp\/v2\/posts\/254071","targetHints":{"allow":["GET"]}}],"collection":[{"href":"https:\/\/corrientesdetarde.com\/index.php\/wp-json\/wp\/v2\/posts"}],"about":[{"href":"https:\/\/corrientesdetarde.com\/index.php\/wp-json\/wp\/v2\/types\/post"}],"author":[{"embeddable":true,"href":"https:\/\/corrientesdetarde.com\/index.php\/wp-json\/wp\/v2\/users\/4"}],"replies":[{"embeddable":true,"href":"https:\/\/corrientesdetarde.com\/index.php\/wp-json\/wp\/v2\/comments?post=254071"}],"version-history":[{"count":1,"href":"https:\/\/corrientesdetarde.com\/index.php\/wp-json\/wp\/v2\/posts\/254071\/revisions"}],"predecessor-version":[{"id":254073,"href":"https:\/\/corrientesdetarde.com\/index.php\/wp-json\/wp\/v2\/posts\/254071\/revisions\/254073"}],"wp:featuredmedia":[{"embeddable":true,"href":"https:\/\/corrientesdetarde.com\/index.php\/wp-json\/wp\/v2\/media\/254072"}],"wp:attachment":[{"href":"https:\/\/corrientesdetarde.com\/index.php\/wp-json\/wp\/v2\/media?parent=254071"}],"wp:term":[{"taxonomy":"category","embeddable":true,"href":"https:\/\/corrientesdetarde.com\/index.php\/wp-json\/wp\/v2\/categories?post=254071"},{"taxonomy":"post_tag","embeddable":true,"href":"https:\/\/corrientesdetarde.com\/index.php\/wp-json\/wp\/v2\/tags?post=254071"}],"curies":[{"name":"wp","href":"https:\/\/api.w.org\/{rel}","templated":true}]}}