{"id":254080,"date":"2026-04-26T17:59:14","date_gmt":"2026-04-26T20:59:14","guid":{"rendered":"https:\/\/corrientesdetarde.com\/?p=254080"},"modified":"2026-04-26T17:59:21","modified_gmt":"2026-04-26T20:59:21","slug":"demoraron-a-una-anciana-era-parte-de-una-banda-dedicada-al-comercio-de-drogas","status":"publish","type":"post","link":"https:\/\/corrientesdetarde.com\/index.php\/policiales\/demoraron-a-una-anciana-era-parte-de-una-banda-dedicada-al-comercio-de-drogas\/","title":{"rendered":"Demoraron a una anciana era parte de una banda dedicada al comercio de drogas"},"content":{"rendered":"\n<p>La mujer de 75 a\u00f1os fue demorada en su vivienda que utilizaban como un &#8220;kiosco&#8221; para la venta de coca\u00edna y de marihuana. Aparte detuvieron a un hombre. Los investigados contaban con dos motos para los env\u00edos de sustancias a domicilio. Hubo tres allanamientos.<\/p>\n\n\n\n<p>Dos &#8220;kioscos&#8221; de drogas fueron anulados en la ciudad correntina de Mocoret\u00e1 y entre los detalles del caso sobresale la participaci\u00f3n en el delito de una anciana de 75 a\u00f1os. La mujer formaba parte de una red de malvivientes dedicada a la comercializaci\u00f3n al menudeo de marihuana como de coca\u00edna.<\/p>\n\n\n\n<p>Las personas investigadas, varias de las cuales permanecen en calidad de pr\u00f3fugas, contaban con dos motocicletas para hacer reparto de las sustancias prohibidas en modalidad de delivery.<\/p>\n\n\n\n<p>De esta manera, el accionar de la Polic\u00eda provincial permiti\u00f3 desbaratar a parte de una organizaci\u00f3n a la cual siguieron durante poco m\u00e1s de un mes, seg\u00fan precisaron a diario \u00e9poca fuentes oficiales.<\/p>\n\n\n\n<p>Al momento de comenzar la redada en los dos domicilios del barrio La Tablita y otro en el barrio Industrial, la anciana escondi\u00f3 varios envoltorios de droga debajo de sus prendas \u00edntimas.<\/p>\n\n\n\n<p>La septuagenaria trat\u00f3 de &#8220;hacerse&#8221; la desentendida de lo que pasaba, sin embargo, con anterioridad los efectivos a cargo de la causa, habr\u00edan obtenido datos sobre su presunta participaci\u00f3n directa en la actividad delictiva.<\/p>\n\n\n\n<p>El procedimiento de forma simult\u00e1nea se produjo el viernes a la noche en casas marcadas como puntos de expendio de drogas.<\/p>\n\n\n\n<p>Autoridades de las comisar\u00edas locales Primera y Segunda contaron con el apoyo del Grupo T\u00e1ctico Operacional de Monte Caseros como de Curuz\u00fa Cuati\u00e1, adem\u00e1s de la Divisi\u00f3n de Investigaci\u00f3n Criminal dependiente de la Unidad Regional Tres.<\/p>\n\n\n\n<p>Luego de planificar la manera de sorprender a los sospechosos, decidieron dar curso a los allanamientos bajo estricta supervisi\u00f3n de la Unidad Fiscal.<\/p>\n\n\n\n<p>Sumada a la demora de la abuela de 75 a\u00f1os, detuvieron a un hombre joven, quien ser\u00eda de su entorno familiar. En tanto, no pudieron localizar a otras personas que podr\u00edan ser parte de la banda.<\/p>\n\n\n\n<p>Familias numerosas<\/p>\n\n\n\n<p><br>El despliegue principal sucedi\u00f3 en un sector de viviendas colectivas de familias numerosas donde habitan hombres, mujeres y ni\u00f1os en un sector de la barriada cuya densidad demogr\u00e1fica aument\u00f3 en los \u00faltimos a\u00f1os.<\/p>\n\n\n\n<p>Con la incursi\u00f3n de los efectivos en dos casas de una familia de apellido P\u00e9rez, cercanas una de otra, &#8220;se logr\u00f3 el secuestro de una importante suma de dinero en efectivo, alcanzando un total de m\u00e1s de un mill\u00f3n de pesos&#8221;, explic\u00f3 la instituci\u00f3n de seguridad.<\/p>\n\n\n\n<p>En los lugares revisados encontraron clorhidrato de coca\u00edna fraccionada para su comercializaci\u00f3n; tel\u00e9fonos celulares; balanzas de precisi\u00f3n y &#8220;otros elementos de inter\u00e9s para la causa&#8221;.<\/p>\n\n\n\n<p>Como desprendimiento de los allanamientos llegaron a un punto ubicado al costado de la Ruta Nacional 14 para incautar dos motocicletas que ser\u00edan utilizadas para la distribuci\u00f3n de drogas bajo la modalidad delivery.<\/p>\n\n\n\n<p>La septuagenaria y el hombre que estaba en igual domicilio afrontan cargos relacionados a la Infracci\u00f3n a la Ley Nacional 23.737.<\/p>\n\n\n\n<p>Debido a la edad de la mujer involucrada en la causa fue llevada hacia el hospital local. Si bien restaba la confirmaci\u00f3n, aparentemente iba a quedar bajo un r\u00e9gimen de detenci\u00f3n domiciliaria.<\/p>\n\n\n\n<p>En b\u00fasqueda de otros implicados<br>&nbsp; &nbsp;&nbsp;<br>Polic\u00edas de la Divisi\u00f3n de Investigaci\u00f3n Criminal de Curuz\u00fa Cuati\u00e1 realizaron dos allanamientos en esa ciudad del interior vinculados a una pesquisa, iniciada semanas atr\u00e1s, sobre el delito de venta de drogas.<\/p>\n\n\n\n<p>Hace algunos d\u00edas hab\u00edan allanado una casa del barrio Santa Rita, donde detuvieron a una mujer que regenteaba un kiosco de marihuana.<\/p>\n\n\n\n<p>Siguiendo la causa llegaron hasta otras dos viviendas, una en el barrio Villa del Parque y otra en el barrio Centenario, porque estar\u00edan relacionadas a la persona investigada.<\/p>\n\n\n\n<p>En la primera de las viviendas secuestraron la suma de 300 mil pesos en efectivo. El dinero que podr\u00eda ser obtenido con el comercio de sustancias il\u00edcitas estaba oculto en una bolsa y adentro de un parlante.<\/p>\n","protected":false},"excerpt":{"rendered":"<p>La mujer de 75 a\u00f1os fue demorada en su vivienda que utilizaban como un &#8220;kiosco&#8221; para la venta de coca\u00edna y de marihuana. Aparte detuvieron a un hombre. Los investigados&hellip; <\/p>\n","protected":false},"author":4,"featured_media":254081,"comment_status":"closed","ping_status":"open","sticky":false,"template":"","format":"standard","meta":{"footnotes":""},"categories":[33],"tags":[],"class_list":["post-254080","post","type-post","status-publish","format-standard","has-post-thumbnail","hentry","category-policiales"],"_links":{"self":[{"href":"https:\/\/corrientesdetarde.com\/index.php\/wp-json\/wp\/v2\/posts\/254080","targetHints":{"allow":["GET"]}}],"collection":[{"href":"https:\/\/corrientesdetarde.com\/index.php\/wp-json\/wp\/v2\/posts"}],"about":[{"href":"https:\/\/corrientesdetarde.com\/index.php\/wp-json\/wp\/v2\/types\/post"}],"author":[{"embeddable":true,"href":"https:\/\/corrientesdetarde.com\/index.php\/wp-json\/wp\/v2\/users\/4"}],"replies":[{"embeddable":true,"href":"https:\/\/corrientesdetarde.com\/index.php\/wp-json\/wp\/v2\/comments?post=254080"}],"version-history":[{"count":1,"href":"https:\/\/corrientesdetarde.com\/index.php\/wp-json\/wp\/v2\/posts\/254080\/revisions"}],"predecessor-version":[{"id":254082,"href":"https:\/\/corrientesdetarde.com\/index.php\/wp-json\/wp\/v2\/posts\/254080\/revisions\/254082"}],"wp:featuredmedia":[{"embeddable":true,"href":"https:\/\/corrientesdetarde.com\/index.php\/wp-json\/wp\/v2\/media\/254081"}],"wp:attachment":[{"href":"https:\/\/corrientesdetarde.com\/index.php\/wp-json\/wp\/v2\/media?parent=254080"}],"wp:term":[{"taxonomy":"category","embeddable":true,"href":"https:\/\/corrientesdetarde.com\/index.php\/wp-json\/wp\/v2\/categories?post=254080"},{"taxonomy":"post_tag","embeddable":true,"href":"https:\/\/corrientesdetarde.com\/index.php\/wp-json\/wp\/v2\/tags?post=254080"}],"curies":[{"name":"wp","href":"https:\/\/api.w.org\/{rel}","templated":true}]}}