{"id":254083,"date":"2026-04-26T18:40:49","date_gmt":"2026-04-26T21:40:49","guid":{"rendered":"https:\/\/corrientesdetarde.com\/?p=254083"},"modified":"2026-04-26T18:41:02","modified_gmt":"2026-04-26T21:41:02","slug":"naftas-marzo-tuvo-un-repunte-en-venta-pero-sigue-por-debajo-de-2025","status":"publish","type":"post","link":"https:\/\/corrientesdetarde.com\/index.php\/nacionales\/naftas-marzo-tuvo-un-repunte-en-venta-pero-sigue-por-debajo-de-2025\/","title":{"rendered":"Naftas: marzo tuvo un repunte en venta, pero sigue por debajo de 2025"},"content":{"rendered":"\n<p>En las estaciones correntinas, el expendio a boca de surtidor creci\u00f3 8% respecto a febrero y alcanz\u00f3 los 29.728 m\u00b3. Sin embargo, en la comparaci\u00f3n interanual se registr\u00f3 una ca\u00edda del 5,1% (-1.604 m\u00b3) frente a los 31.332 m\u00b3 vendidos en marzo de 2025.<\/p>\n\n\n\n<p>La C\u00e1mara de Estaciones de Servicio de Corrientes (CESCOR) inform\u00f3 que durante el mes de marzo se vendieron 29.728 metros c\u00fabicos de combustibles en las estaciones de la provincia, de acuerdo a datos de la Secretar\u00eda de Energ\u00eda de la Naci\u00f3n. El registro refleja una mejora en el corto plazo, aunque todav\u00eda muestra se\u00f1ales de retracci\u00f3n si se lo compara con el mismo per\u00edodo del a\u00f1o pasado.<\/p>\n\n\n\n<p>El volumen comercializado implic\u00f3 una suba del 8% en relaci\u00f3n a febrero (+2.201 m\u00b3), cuando el expendio hab\u00eda alcanzado los 27.527 m\u00b3. De todos modos, desde el sector aclaran que parte de esa recuperaci\u00f3n est\u00e1 vinculada a una cuesti\u00f3n estacional, ya que marzo tuvo tres d\u00edas m\u00e1s de actividad que el mes anterior, lo que ampl\u00eda naturalmente la base de consumo.<\/p>\n\n\n\n<p>En contraste, la medici\u00f3n interanual arroja un resultado negativo. Frente a los 31.332 m\u00b3 vendidos en marzo de 2025, el despacho actual presenta una ca\u00edda del 5,1% (-1.604 m\u00b3), lo que evidencia que el mercado a\u00fan no logra recomponerse plenamente y contin\u00faa condicionado por la evoluci\u00f3n de la actividad econ\u00f3mica y el poder adquisitivo.<\/p>\n\n\n\n<h2 class=\"wp-block-heading\">Liderazgo de la S\u00faper y el D500<\/h2>\n\n\n\n<p>Al analizar la composici\u00f3n del consumo, la nafta S\u00faper se mantiene como el producto l\u00edder indiscutido, con 12.668 m\u00b3 vendidos en marzo. Este volumen representa una porci\u00f3n significativa del total y confirma la preferencia de los usuarios por combustibles de menor costo relativo.<\/p>\n\n\n\n<p>En segundo lugar se ubic\u00f3 el Di\u00e9sel Com\u00fan, con 7.964 m\u00b3, un producto fuertemente vinculado al transporte y a las actividades productivas. M\u00e1s atr\u00e1s aparece el Di\u00e9sel Premium, con 5.447 m\u00b3; mientras que la nafta Premium se posiciona en el \u00faltimo escal\u00f3n con 3.467 m\u00b3.<\/p>\n\n\n\n<p>La distribuci\u00f3n de estos vol\u00famenes permite observar un patr\u00f3n de consumo marcado por la racionalizaci\u00f3n del gasto. La diferencia entre nafta S\u00faper y Premium, por ejemplo, refleja un corrimiento sostenido hacia opciones m\u00e1s econ\u00f3micas, en l\u00ednea con un contexto en el que los usuarios ajustan sus decisiones de carga en funci\u00f3n del precio.<\/p>\n\n\n\n<p>En t\u00e9rminos relativos, las naftas (sumando S\u00faper y Premium) concentran cerca del 54% del total comercializado, mientras que el gasoil \u0097en sus dos versiones\u0097 representa aproximadamente el 46%. Esta paridad muestra la importancia tanto de la movilidad urbana como del entramado productivo en la demanda de combustibles de la provincia.<\/p>\n\n\n\n<h2 class=\"wp-block-heading\">Territorialidad<\/h2>\n\n\n\n<p>A nivel territorial, la ciudad de Corrientes se consolid\u00f3 nuevamente como el principal centro de consumo, concentrando el mayor volumen de ventas y funcionando como el motor del mercado provincial. Su peso espec\u00edfico dentro del total explica buena parte de la din\u00e1mica general del sector.<\/p>\n\n\n\n<p>Detr\u00e1s de la capital se ubican otras localidades con participaci\u00f3n relevante como Goya, Paso de los Libres y Curuz\u00fa Cuati\u00e1, que si bien muestran niveles importantes de expendio, se encuentran a considerable distancia del volumen registrado en la ciudad cabecera.<\/p>\n\n\n\n<p>Desde una mirada m\u00e1s amplia, el comportamiento del mercado de combustibles contin\u00faa siendo un indicador sensible de la actividad econ\u00f3mica. Mientras las naftas reflejan el nivel de circulaci\u00f3n y consumo cotidiano, el gasoil funciona como un term\u00f3metro de sectores clave como el agro, el transporte de cargas y la log\u00edstica.<\/p>\n\n\n\n<p>En este escenario, los datos de marzo dejan una se\u00f1al ambivalente: por un lado, una recuperaci\u00f3n respecto al mes anterior; por otro, la persistencia de una ca\u00edda interanual que marca las dificultades para sostener niveles de consumo en un contexto econ\u00f3mico todav\u00eda desafiante.<\/p>\n\n\n\n<p>As\u00ed, el desempe\u00f1o de los surtidores correntinos muestra signos de reactivaci\u00f3n en el corto plazo, pero a\u00fan lejos de consolidar una mejora estructural, con un mercado que sigue condicionado por variables como los precios, los ingresos y el ritmo de la actividad.<\/p>\n\n\n\n<p>Desde el sector esperan por la tan ansiada reactivaci\u00f3n y para saber d\u00f3nde est\u00e1n parados aguardar\u00e1n los datos de abril, un mes que puede ser bisagra en el \u00e1mbito de los surtidores locales.<\/p>\n","protected":false},"excerpt":{"rendered":"<p>En las estaciones correntinas, el expendio a boca de surtidor creci\u00f3 8% respecto a febrero y alcanz\u00f3 los 29.728 m\u00b3. Sin embargo, en la comparaci\u00f3n interanual se registr\u00f3 una ca\u00edda&hellip; <\/p>\n","protected":false},"author":4,"featured_media":254084,"comment_status":"closed","ping_status":"open","sticky":false,"template":"","format":"standard","meta":{"footnotes":""},"categories":[20,10],"tags":[],"class_list":["post-254083","post","type-post","status-publish","format-standard","has-post-thumbnail","hentry","category-economia","category-nacionales"],"_links":{"self":[{"href":"https:\/\/corrientesdetarde.com\/index.php\/wp-json\/wp\/v2\/posts\/254083","targetHints":{"allow":["GET"]}}],"collection":[{"href":"https:\/\/corrientesdetarde.com\/index.php\/wp-json\/wp\/v2\/posts"}],"about":[{"href":"https:\/\/corrientesdetarde.com\/index.php\/wp-json\/wp\/v2\/types\/post"}],"author":[{"embeddable":true,"href":"https:\/\/corrientesdetarde.com\/index.php\/wp-json\/wp\/v2\/users\/4"}],"replies":[{"embeddable":true,"href":"https:\/\/corrientesdetarde.com\/index.php\/wp-json\/wp\/v2\/comments?post=254083"}],"version-history":[{"count":1,"href":"https:\/\/corrientesdetarde.com\/index.php\/wp-json\/wp\/v2\/posts\/254083\/revisions"}],"predecessor-version":[{"id":254085,"href":"https:\/\/corrientesdetarde.com\/index.php\/wp-json\/wp\/v2\/posts\/254083\/revisions\/254085"}],"wp:featuredmedia":[{"embeddable":true,"href":"https:\/\/corrientesdetarde.com\/index.php\/wp-json\/wp\/v2\/media\/254084"}],"wp:attachment":[{"href":"https:\/\/corrientesdetarde.com\/index.php\/wp-json\/wp\/v2\/media?parent=254083"}],"wp:term":[{"taxonomy":"category","embeddable":true,"href":"https:\/\/corrientesdetarde.com\/index.php\/wp-json\/wp\/v2\/categories?post=254083"},{"taxonomy":"post_tag","embeddable":true,"href":"https:\/\/corrientesdetarde.com\/index.php\/wp-json\/wp\/v2\/tags?post=254083"}],"curies":[{"name":"wp","href":"https:\/\/api.w.org\/{rel}","templated":true}]}}