{"id":254086,"date":"2026-04-26T18:46:20","date_gmt":"2026-04-26T21:46:20","guid":{"rendered":"https:\/\/corrientesdetarde.com\/?p=254086"},"modified":"2026-04-26T18:46:32","modified_gmt":"2026-04-26T21:46:32","slug":"despues-de-las-lluvias-ingresa-un-frente-frio-a-corrientes","status":"publish","type":"post","link":"https:\/\/corrientesdetarde.com\/index.php\/actualidad\/despues-de-las-lluvias-ingresa-un-frente-frio-a-corrientes\/","title":{"rendered":"Despu\u00e9s de las lluvias, ingresa un frente fr\u00edo a Corrientes"},"content":{"rendered":"\n<p>El SMN anticip\u00f3 que se espera una semana con m\u00ednimas entre 11 y 15 grados.&nbsp;<\/p>\n\n\n\n<p>Despu\u00e9s de tres d\u00edas de lluvias y malas condiciones en la provincia de Corrientes, el Servicio Meteorol\u00f3gico Nacional anticip\u00f3 este domingo que\u00a0<strong>un frente fr\u00edo ingresar\u00e1 a la regi\u00f3n<\/strong>, marcando un cambio en el tiempo.<\/p>\n\n\n\n<p>Luego de jornadas bajo alerta por precipitaciones,&nbsp;<strong>vuelven las condiciones estables pero con un marcado descenso de temperatura<\/strong>.<\/p>\n\n\n\n<p>Para la noche de este domingo se prev\u00e9n&nbsp;<strong>fuertes r\u00e1fagas de viento de entre 51 y 59 kil\u00f3metros por hora<\/strong>, lo que provocar\u00e1 el ingreso de aire m\u00e1s fr\u00edo.<\/p>\n\n\n\n<h3 class=\"wp-block-heading\">\u00bf<strong>C\u00f3mo estar\u00e1 el tiempo durante la semana<\/strong>?<\/h3>\n\n\n\n<p>Para este lunes, se espera una&nbsp;<strong>temperatura m\u00ednima de 13\u00b0C y una m\u00e1xima de 19\u00b0C<\/strong>, con cielo parcialmente soleado.<\/p>\n\n\n\n<p>El martes y mi\u00e9rcoles continuar\u00e1n las buenas condiciones, con&nbsp;<strong>m\u00e1ximas de 21\u00b0C<\/strong>&nbsp;y m\u00ednimas que oscilar\u00e1n entre los&nbsp;<strong>11\u00b0C y 14\u00b0C<\/strong>, acompa\u00f1adas de cielo mayormente soleado.<\/p>\n\n\n\n<p>Sin embargo, hacia el jueves se notar\u00e1 un leve ascenso t\u00e9rmico, con&nbsp;<strong>una m\u00e1xima de 26\u00b0C y cielo algo nublado<\/strong>, anticipando un cambio en las condiciones.<\/p>\n\n\n\n<h3 class=\"wp-block-heading\"><strong>\u00bfVuelven las lluvias?<\/strong><\/h3>\n\n\n\n<p>El pron\u00f3stico extendido indica que&nbsp;<strong>el viernes podr\u00edan regresar las precipitaciones<\/strong>, con una temperatura m\u00e1xima de 26\u00b0C y una m\u00ednima de 15\u00b0C.<\/p>\n\n\n\n<p>De esta manera, tras el paso del frente fr\u00edo,&nbsp;<strong>Corrientes tendr\u00e1 d\u00edas m\u00e1s frescos y estables<\/strong>, aunque con la posibilidad de nuevas lluvias hacia el final de la semana.<\/p>\n","protected":false},"excerpt":{"rendered":"<p>El SMN anticip\u00f3 que se espera una semana con m\u00ednimas entre 11 y 15 grados.&nbsp; Despu\u00e9s de tres d\u00edas de lluvias y malas condiciones en la provincia de Corrientes, el&hellip; <\/p>\n","protected":false},"author":4,"featured_media":254087,"comment_status":"closed","ping_status":"open","sticky":false,"template":"","format":"standard","meta":{"footnotes":""},"categories":[23,29],"tags":[],"class_list":["post-254086","post","type-post","status-publish","format-standard","has-post-thumbnail","hentry","category-actualidad","category-clima"],"_links":{"self":[{"href":"https:\/\/corrientesdetarde.com\/index.php\/wp-json\/wp\/v2\/posts\/254086","targetHints":{"allow":["GET"]}}],"collection":[{"href":"https:\/\/corrientesdetarde.com\/index.php\/wp-json\/wp\/v2\/posts"}],"about":[{"href":"https:\/\/corrientesdetarde.com\/index.php\/wp-json\/wp\/v2\/types\/post"}],"author":[{"embeddable":true,"href":"https:\/\/corrientesdetarde.com\/index.php\/wp-json\/wp\/v2\/users\/4"}],"replies":[{"embeddable":true,"href":"https:\/\/corrientesdetarde.com\/index.php\/wp-json\/wp\/v2\/comments?post=254086"}],"version-history":[{"count":1,"href":"https:\/\/corrientesdetarde.com\/index.php\/wp-json\/wp\/v2\/posts\/254086\/revisions"}],"predecessor-version":[{"id":254088,"href":"https:\/\/corrientesdetarde.com\/index.php\/wp-json\/wp\/v2\/posts\/254086\/revisions\/254088"}],"wp:featuredmedia":[{"embeddable":true,"href":"https:\/\/corrientesdetarde.com\/index.php\/wp-json\/wp\/v2\/media\/254087"}],"wp:attachment":[{"href":"https:\/\/corrientesdetarde.com\/index.php\/wp-json\/wp\/v2\/media?parent=254086"}],"wp:term":[{"taxonomy":"category","embeddable":true,"href":"https:\/\/corrientesdetarde.com\/index.php\/wp-json\/wp\/v2\/categories?post=254086"},{"taxonomy":"post_tag","embeddable":true,"href":"https:\/\/corrientesdetarde.com\/index.php\/wp-json\/wp\/v2\/tags?post=254086"}],"curies":[{"name":"wp","href":"https:\/\/api.w.org\/{rel}","templated":true}]}}