{"id":254101,"date":"2026-04-26T20:15:38","date_gmt":"2026-04-26T23:15:38","guid":{"rendered":"https:\/\/corrientesdetarde.com\/?p=254101"},"modified":"2026-04-26T20:15:50","modified_gmt":"2026-04-26T23:15:50","slug":"un-diputado-libertario-respaldo-a-adorni-y-aseguro-que-es-uno-de-los-funcionarios-mas-importantes-del-gobierno","status":"publish","type":"post","link":"https:\/\/corrientesdetarde.com\/index.php\/politica\/un-diputado-libertario-respaldo-a-adorni-y-aseguro-que-es-uno-de-los-funcionarios-mas-importantes-del-gobierno\/","title":{"rendered":"Un diputado libertario respald\u00f3 a Adorni y asegur\u00f3 que \u201ces uno de los funcionarios m\u00e1s importantes\u201d del Gobierno"},"content":{"rendered":"\n<h2 class=\"wp-block-heading\">Lisandro Almir\u00f3n se refiri\u00f3 a la presentarci\u00f3n que har\u00e1 el jefe de Gabinete en el Congreso: \u201cCreo que las preguntas que hagan se van a responder\u201d, asegur\u00f3.<\/h2>\n\n\n\n<p>El&nbsp;<strong>diputado nacional&nbsp;<\/strong>por<strong>&nbsp;La Libertad Avanza&nbsp;<\/strong>(<strong>LLA<\/strong>)&nbsp;<strong>Lisandro Almir\u00f3n<\/strong>&nbsp;se refiri\u00f3 de la presentaci\u00f3n que dar\u00e1 este mi\u00e9rcoles 29 el jefe de Gabinete,&nbsp;<strong>Manuel Adorni,&nbsp;<\/strong>ante el&nbsp;<strong>Congreso de la Naci\u00f3n<\/strong>&nbsp;y sostuvo que \u201ces uno de los&nbsp;<strong>funcionarios m\u00e1s importantes<\/strong>\u201d que tiene la gesti\u00f3n del presidente&nbsp;<strong>Javier Milei<\/strong>.<\/p>\n\n\n\n<p>En declaraciones a&nbsp;<strong>Radio Rivadavia<\/strong>, se\u00f1al\u00f3 que el&nbsp;primer informe de gesti\u00f3n que presentar\u00e1&nbsp;<strong>Adorni&nbsp;<\/strong>\u201ces un&nbsp;<strong>mandamiento constitucional<\/strong>\u201d, porque se encuentra dentro de \u201clos&nbsp;<strong>derechos&nbsp;<\/strong>y&nbsp;<strong>obligaciones<\/strong>\u201d que tiene el jefe de ministros.<\/p>\n\n\n\n<p>\u201cDebe asistir al&nbsp;<strong>Congreso&nbsp;<\/strong>y, por supuesto, hablar de la&nbsp;<strong>planificaci\u00f3n&nbsp;<\/strong>del&nbsp;<strong>Gobierno<\/strong>, de la situaci\u00f3n, en l\u00edneas generales, que marca la agenda pol\u00edtica. En este caso, creo que m\u00e1s all\u00e1 de la cuesti\u00f3n constitucional, se ha creado una especie de idea que es una interpelaci\u00f3n y que la gente lo va a sentar en el banquillo de los acusados, que van a ser preguntas de acusaciones y no se trata de eso. Cuando fue vocero de la<strong>&nbsp;Casa Rosada<\/strong>, lo expres\u00f3 siempre de manera frontal frente a sus posiciones y las del&nbsp;<strong>Gobierno&nbsp;<\/strong>y nunca anduvo con rodeo\u2026 tampoco \u00e9sta va a ser la excepci\u00f3n. Creo que las preguntas que hagan se van a responder y confiamos en que se desarrolle con total normalidad como cualquier otro&nbsp;<strong>acto institucional&nbsp;<\/strong>y&nbsp;<strong>constitucional<\/strong>\u201d; manifest\u00f3 el legislador.&nbsp;<\/p>\n\n\n\n<p>En la misma l\u00ednea, record\u00f3 que, en lo que va del mandato del&nbsp;<strong>presidente Javier Milei<\/strong>, \u00e9sta ser\u00eda la tercera vez que se presenta un<strong>&nbsp;informe de gesti\u00f3n en el Congreso<\/strong>, ya que anteriormente lo hizo el antecesor de&nbsp;<strong>Adorni<\/strong>,&nbsp;<strong>Guillermo Francos<\/strong>: \u201cLas dos participaciones del anterior jefe de Gabinete dejaron&nbsp;<strong>saldos muy positivos<\/strong>\u201d, a\u00f1adi\u00f3.__IP__<\/p>\n\n\n\n<p>\u201cCreo que lo de&nbsp;<strong>Manuel&nbsp;<\/strong>el mi\u00e9rcoles&nbsp;<strong>no va a ser la excepci\u00f3n<\/strong>&nbsp;y consideramos que no solamente&nbsp;<strong>es uno de los funcionarios m\u00e1s importantes&nbsp;<\/strong>que tiene el&nbsp;<strong>Gobierno<\/strong>, sino que, adem\u00e1s, tiene&nbsp;<strong>una preparaci\u00f3n importante<\/strong>&nbsp;para este tipo de situaciones\u201d, remarc\u00f3&nbsp;<strong>Almir\u00f3n<\/strong>.<\/p>\n\n\n\n<p>La sesi\u00f3n del pr\u00f3ximo&nbsp;<strong>29 de abril<\/strong>, que est\u00e1 programada para iniciar entre las 10 y las 11hs., contar\u00e1 con la&nbsp;<strong>presencia&nbsp;<\/strong>del&nbsp;<strong>Presidente de la Naci\u00f3n<\/strong>&nbsp;y se presume que tendr\u00e1 una duraci\u00f3n estimada de&nbsp;<strong>seis horas<\/strong>.<\/p>\n","protected":false},"excerpt":{"rendered":"<p>Lisandro Almir\u00f3n se refiri\u00f3 a la presentarci\u00f3n que har\u00e1 el jefe de Gabinete en el Congreso: \u201cCreo que las preguntas que hagan se van a responder\u201d, asegur\u00f3. El&nbsp;diputado nacional&nbsp;por&nbsp;La Libertad&hellip; <\/p>\n","protected":false},"author":4,"featured_media":254102,"comment_status":"closed","ping_status":"open","sticky":false,"template":"","format":"standard","meta":{"footnotes":""},"categories":[3],"tags":[],"class_list":["post-254101","post","type-post","status-publish","format-standard","has-post-thumbnail","hentry","category-politica"],"_links":{"self":[{"href":"https:\/\/corrientesdetarde.com\/index.php\/wp-json\/wp\/v2\/posts\/254101","targetHints":{"allow":["GET"]}}],"collection":[{"href":"https:\/\/corrientesdetarde.com\/index.php\/wp-json\/wp\/v2\/posts"}],"about":[{"href":"https:\/\/corrientesdetarde.com\/index.php\/wp-json\/wp\/v2\/types\/post"}],"author":[{"embeddable":true,"href":"https:\/\/corrientesdetarde.com\/index.php\/wp-json\/wp\/v2\/users\/4"}],"replies":[{"embeddable":true,"href":"https:\/\/corrientesdetarde.com\/index.php\/wp-json\/wp\/v2\/comments?post=254101"}],"version-history":[{"count":1,"href":"https:\/\/corrientesdetarde.com\/index.php\/wp-json\/wp\/v2\/posts\/254101\/revisions"}],"predecessor-version":[{"id":254103,"href":"https:\/\/corrientesdetarde.com\/index.php\/wp-json\/wp\/v2\/posts\/254101\/revisions\/254103"}],"wp:featuredmedia":[{"embeddable":true,"href":"https:\/\/corrientesdetarde.com\/index.php\/wp-json\/wp\/v2\/media\/254102"}],"wp:attachment":[{"href":"https:\/\/corrientesdetarde.com\/index.php\/wp-json\/wp\/v2\/media?parent=254101"}],"wp:term":[{"taxonomy":"category","embeddable":true,"href":"https:\/\/corrientesdetarde.com\/index.php\/wp-json\/wp\/v2\/categories?post=254101"},{"taxonomy":"post_tag","embeddable":true,"href":"https:\/\/corrientesdetarde.com\/index.php\/wp-json\/wp\/v2\/tags?post=254101"}],"curies":[{"name":"wp","href":"https:\/\/api.w.org\/{rel}","templated":true}]}}