{"id":254104,"date":"2026-04-26T21:14:55","date_gmt":"2026-04-27T00:14:55","guid":{"rendered":"https:\/\/corrientesdetarde.com\/?p=254104"},"modified":"2026-04-26T21:15:01","modified_gmt":"2026-04-27T00:15:01","slug":"estados-unidos-tiroteo-y-evacuacion-de-trump-en-una-cena","status":"publish","type":"post","link":"https:\/\/corrientesdetarde.com\/index.php\/internacionales\/estados-unidos-tiroteo-y-evacuacion-de-trump-en-una-cena\/","title":{"rendered":"Estados Unidos: tiroteo y evacuaci\u00f3n de Trump en una cena"},"content":{"rendered":"\n<p>El presidente estadounidense estaba en un evento con periodistas el s\u00e1bado por la noche en el hotel Washington Hilton cuando se produjo un tiroteo dentro del edificio. El presunto tirador fue detenido y puesto a disposici\u00f3n de la Justicia.<\/p>\n\n\n\n<p>El&nbsp;<strong>presidente estadounidense Donald Trump&nbsp;<\/strong>fue&nbsp;<strong>evacuado de urgencia&nbsp;<\/strong>de una cena con periodistas este&nbsp;<strong>s\u00e1bado&nbsp;<\/strong>por la noche en el&nbsp;<strong>hotel Washington Hilton&nbsp;<\/strong>luego de que se produjera un&nbsp;<strong>tiroteo dentro&nbsp;<\/strong>del edificio. El presunto&nbsp;<strong>autor&nbsp;<\/strong>de los disparos fue&nbsp;<strong>detenido&nbsp;<\/strong>y puesto a&nbsp;<strong>disposici\u00f3n de la Justicia<\/strong>.<\/p>\n\n\n\n<p>Seg\u00fan inform\u00f3 la agencia AFP, el episodio ocurri\u00f3 mientras se desarrollaba el&nbsp;<strong>evento anual de la Asociaci\u00f3n de Corresponsales de la Casa Blanca&nbsp;<\/strong>y gener\u00f3 momentos de tensi\u00f3n entre los presentes.<\/p>\n\n\n\n<p>Ante la situaci\u00f3n, los&nbsp;<strong>agentes del Servicio Secreto&nbsp;<\/strong>activaron los&nbsp;<strong>protocolos de seguridad&nbsp;<\/strong>y el&nbsp;<strong>mandatario&nbsp;<\/strong>y la&nbsp;<strong>primera dama Melania Trump&nbsp;<\/strong>fueron retirados del lugar de manera preventiva. Poco despu\u00e9s confirmaron que ambos estaban \u201ca salvo\u201d.<\/p>\n\n\n\n<p>Un video registrado en el interior del evento mostraba a los&nbsp;<strong>invitados agach\u00e1ndose bajo las mesas&nbsp;<\/strong>y tratando de resguardarse, en medio de una escena de&nbsp;<strong>creciente tensi\u00f3n<\/strong>. Tambi\u00e9n estaban presentes el&nbsp;<strong>vicepresidente JD Vance&nbsp;<\/strong>y los miembros del&nbsp;<strong>gabinete&nbsp;<\/strong>de&nbsp;<strong>Trump<\/strong>. Finalmente, toda la&nbsp;<strong>sala fue evacuada<\/strong>.<\/p>\n\n\n\n<p>Minutos m\u00e1s tarde,&nbsp;<strong>Trump comparti\u00f3 un mensaje&nbsp;<\/strong>a trav\u00e9s de su cuenta en la plataforma&nbsp;<strong>Truth Social<\/strong>. \u201cUna&nbsp;<strong>noche memorable&nbsp;<\/strong>en&nbsp;<strong>Washington D.C<\/strong>. El&nbsp;<strong>Servicio Secreto&nbsp;<\/strong>y las&nbsp;<strong>fuerzas&nbsp;<\/strong>del orden hicieron un&nbsp;<strong>trabajo fant\u00e1stico<\/strong>. Actuaron con rapidez y valent\u00eda\u201d, expres\u00f3 el mandatario sobre el accionar de los agentes.<\/p>\n\n\n\n<p>A su vez,&nbsp;<strong>confirm\u00f3&nbsp;<\/strong>que el&nbsp;<strong>atacante fue detenido<\/strong>. \u201cHe recomendado \u2018que el show contin\u00fae\u2019, pero seguiremos las indicaciones de las fuerzas del orden. Tomar\u00e1n una decisi\u00f3n en breve. Independientemente de esa decisi\u00f3n,&nbsp;<strong>la noche ser\u00e1 muy diferente&nbsp;<\/strong>a lo planeado y, sencillamente,&nbsp;<strong>tendremos que repetirla<\/strong>\u201d, cerr\u00f3.<\/p>\n\n\n\n<p>En el operativo&nbsp;<strong>intervinieron efectivos policiales&nbsp;<\/strong>que rodearon el hotel donde se celebraba el evento y tambi\u00e9n se usaron&nbsp;<strong>helic\u00f3pteros&nbsp;<\/strong>para sobrevolar la zona, seg\u00fan inform\u00f3 AFP.<\/p>\n\n\n\n<p>Luego de la evacuaci\u00f3n, la&nbsp;<strong>presidenta&nbsp;<\/strong>de la&nbsp;<strong>Asociaci\u00f3n de Corresponsales<\/strong>,&nbsp;<strong>Weijia Jiang<\/strong>, anunci\u00f3 que \u201c<strong>todos est\u00e1n a salvo<\/strong>\u201d y que la cena fue reprogramada.<\/p>\n\n\n\n<h2 class=\"wp-block-heading\">Qu\u00e9 dijo Trump en la conferencia posterior al incidente<\/h2>\n\n\n\n<p>\u201c<strong>Todo est\u00e1 bajo control<\/strong>\u201d, asegur\u00f3 el mandatario desde la&nbsp;<strong>Sala de Prensa de la Casa Blanca<\/strong>, a la vez que remarc\u00f3 el&nbsp;<strong>r\u00e1pido accionar&nbsp;<\/strong>de las fuerzas de seguridad: \u201cLos agentes del&nbsp;<strong>Servicio Secreto&nbsp;<\/strong>actuaron con&nbsp;<strong>valent\u00eda<\/strong>,&nbsp;<strong>claridad&nbsp;<\/strong>y&nbsp;<strong>transparencia<\/strong>\u201d.<\/p>\n\n\n\n<p>Asimismo, confirm\u00f3 que&nbsp;<strong>un oficial result\u00f3 herido&nbsp;<\/strong>por el agresor que le dispar\u00f3 a \u201cmuy corta distancia\u201d, aunque&nbsp;<strong>se salv\u00f3&nbsp;<\/strong>debido a la protecci\u00f3n de su&nbsp;<strong>chaleco antibalas<\/strong>. El hombre fue&nbsp;<strong>atendido por los m\u00e9dicos&nbsp;<\/strong>y se encuentra en \u201c<strong>excelente estado<\/strong>\u201d, dijo el presidente.<\/p>\n\n\n\n<p>\u201cTiene un \u00e1nimo excelente y le hemos dicho que lo queremos y lo respetamos. Es un hombre honorable y est\u00e1 muy orgulloso de lo que hizo\u201d, sum\u00f3.<\/p>\n\n\n\n<p><strong>Sobre el tirador<\/strong>,&nbsp;<strong>Trump dijo&nbsp;<\/strong>que el sospechoso -a quien calific\u00f3 como \u201c<strong>aspirante a asesino<\/strong>\u201d y \u201c<strong>lobo solitario<\/strong>\u201d- ten\u00eda \u201cvarias armas\u201d y que \u201catac\u00f3 un puesto de control de seguridad\u201d antes de ser detenido por el Servicio Secreto. Tambi\u00e9n dijo que \u201c<strong>estaba muy lejos<\/strong>\u201d de donde estaba \u00e9l ubicado en la cena.<\/p>\n\n\n\n<p>Seg\u00fan inform\u00f3 la agencia de noticias AP, el tirador es un&nbsp;<strong>hombre de 31 a\u00f1os&nbsp;<\/strong>de&nbsp;<strong>California&nbsp;<\/strong>llamado&nbsp;<strong>Cole Tomas Allen<\/strong>.<\/p>\n\n\n\n<p>Por otra parte,&nbsp;<strong>Kash Patel<\/strong>,&nbsp;<strong>director del FBI<\/strong>, pidi\u00f3 a la comunidad estadounidense que comparta \u201c<strong>cualquier informaci\u00f3n relacionado&nbsp;<\/strong>con este suceso\u201d.<\/p>\n\n\n\n<p>\u201c<strong>Ning\u00fan dato es insignificante&nbsp;<\/strong>ni insuficiente. Lo evaluaremos todo. Tambi\u00e9n&nbsp;<strong>entrevistaremos a quienes estuvieron presentes&nbsp;<\/strong>y, si alguno de ellos tiene informaci\u00f3n, por favor pres\u00e9ntela ante las autoridades\u201d, indic\u00f3.<\/p>\n\n\n\n<p>El presidente&nbsp;<strong>Trump finaliz\u00f3 la conferencia&nbsp;<\/strong>anunciando que ma\u00f1ana se conocer\u00e1n&nbsp;<strong>m\u00e1s detalles sobre la detenci\u00f3n&nbsp;<\/strong>y el avance de la investigaci\u00f3n.<\/p>\n\n\n\n<p><\/p>\n","protected":false},"excerpt":{"rendered":"<p>El presidente estadounidense estaba en un evento con periodistas el s\u00e1bado por la noche en el hotel Washington Hilton cuando se produjo un tiroteo dentro del edificio. El presunto tirador&hellip; <\/p>\n","protected":false},"author":4,"featured_media":254105,"comment_status":"closed","ping_status":"open","sticky":false,"template":"","format":"standard","meta":{"footnotes":""},"categories":[11],"tags":[],"class_list":["post-254104","post","type-post","status-publish","format-standard","has-post-thumbnail","hentry","category-internacionales"],"_links":{"self":[{"href":"https:\/\/corrientesdetarde.com\/index.php\/wp-json\/wp\/v2\/posts\/254104","targetHints":{"allow":["GET"]}}],"collection":[{"href":"https:\/\/corrientesdetarde.com\/index.php\/wp-json\/wp\/v2\/posts"}],"about":[{"href":"https:\/\/corrientesdetarde.com\/index.php\/wp-json\/wp\/v2\/types\/post"}],"author":[{"embeddable":true,"href":"https:\/\/corrientesdetarde.com\/index.php\/wp-json\/wp\/v2\/users\/4"}],"replies":[{"embeddable":true,"href":"https:\/\/corrientesdetarde.com\/index.php\/wp-json\/wp\/v2\/comments?post=254104"}],"version-history":[{"count":1,"href":"https:\/\/corrientesdetarde.com\/index.php\/wp-json\/wp\/v2\/posts\/254104\/revisions"}],"predecessor-version":[{"id":254106,"href":"https:\/\/corrientesdetarde.com\/index.php\/wp-json\/wp\/v2\/posts\/254104\/revisions\/254106"}],"wp:featuredmedia":[{"embeddable":true,"href":"https:\/\/corrientesdetarde.com\/index.php\/wp-json\/wp\/v2\/media\/254105"}],"wp:attachment":[{"href":"https:\/\/corrientesdetarde.com\/index.php\/wp-json\/wp\/v2\/media?parent=254104"}],"wp:term":[{"taxonomy":"category","embeddable":true,"href":"https:\/\/corrientesdetarde.com\/index.php\/wp-json\/wp\/v2\/categories?post=254104"},{"taxonomy":"post_tag","embeddable":true,"href":"https:\/\/corrientesdetarde.com\/index.php\/wp-json\/wp\/v2\/tags?post=254104"}],"curies":[{"name":"wp","href":"https:\/\/api.w.org\/{rel}","templated":true}]}}