{"id":254107,"date":"2026-04-27T08:17:28","date_gmt":"2026-04-27T11:17:28","guid":{"rendered":"https:\/\/corrientesdetarde.com\/?p=254107"},"modified":"2026-04-27T08:17:34","modified_gmt":"2026-04-27T11:17:34","slug":"el-gobernador-hablo-del-impacto-que-tendran-las-inversiones-en-el-desarrollo-provincial","status":"publish","type":"post","link":"https:\/\/corrientesdetarde.com\/index.php\/locales\/el-gobernador-hablo-del-impacto-que-tendran-las-inversiones-en-el-desarrollo-provincial\/","title":{"rendered":"El gobernador hablo del impacto que tendr\u00e1n las inversiones en el desarrollo provincial"},"content":{"rendered":"\n<p>Juan Pablo Vald\u00e9s afirm\u00f3 que la llegada de capitales privados puede modificar la matriz productiva de Corrientes. Remarc\u00f3 obras estrat\u00e9gicas, baja presi\u00f3n impositiva y articulaci\u00f3n p\u00fablico-privada como claves del crecimiento.<a href=\"https:\/\/api.whatsapp.com\/send?text=El%20Gobernador%20conf%C3%ADa%20en%20que%20las%20inversiones%20cambiar%C3%A1n%20la%20provincia%20-%20https:\/\/www.diarioepoca.com\/1378961-el-gobernador-confia-en-que-las-inversiones-cambiaran-la-provincia?utm_source=WhatsApp%26utm_medium=WhatsApp%26utm_campaign=WhatsApp%26utm_term=WhatsApp\" target=\"_blank\" rel=\"noreferrer noopener\"><\/a><a href=\"https:\/\/www.diarioepoca.com\/1378961-el-gobernador-confia-en-que-las-inversiones-cambiaran-la-provincia#\"><\/a><a href=\"https:\/\/www.diarioepoca.com\/1378961-el-gobernador-confia-en-que-las-inversiones-cambiaran-la-provincia#\"><\/a><\/p>\n\n\n\n<p>El gobernador de Corrientes, Juan Pablo Vald\u00e9s, analiz\u00f3 el presente de su gesti\u00f3n y puso el foco en el impacto que tendr\u00e1n las inversiones en el desarrollo provincial, durante una entrevista .<\/p>\n\n\n\n<p>En ese marco, asegur\u00f3 que la provincia atraviesa una etapa clave en la que comienzan a consolidarse proyectos que podr\u00edan modificar de manera estructural su perfil productivo.<\/p>\n\n\n\n<p>Vald\u00e9s reconoci\u00f3 las diferencias entre su experiencia previa en el \u00e1mbito municipal y el desaf\u00edo actual de gobernar la provincia. Se\u00f1al\u00f3 que la gesti\u00f3n provincial exige no solo atenci\u00f3n a las cuestiones centrales, sino tambi\u00e9n una fuerte presencia en el territorio y un trabajo coordinado con los intendentes, quienes enfrentan realidades diversas en cada localidad.<\/p>\n\n\n\n<p>En ese sentido, destac\u00f3 el acompa\u00f1amiento de funcionarios con experiencia y la continuidad de una visi\u00f3n desarrollista iniciada en gestiones anteriores. Seg\u00fan explic\u00f3, ese camino permiti\u00f3 sentar las bases para atraer inversiones mediante herramientas como parques industriales, pol\u00edticas fiscales sin aumento de impuestos y marcos normativos adecuados.<\/p>\n\n\n\n<p>&#8220;El rumbo que se traz\u00f3 hoy empieza a dar resultados&#8221;, sostuvo el Mandatario, al subrayar que Corrientes dej\u00f3 de ser exclusivamente una provincia ganadera para avanzar hacia una matriz m\u00e1s diversificada, con valor agregado en origen. En esa l\u00ednea, defini\u00f3 a la provincia &#8220;como un diamante en bruto listo para ser tallado&#8221;, en referencia a su potencial productivo.<\/p>\n\n\n\n<p>El Gobernador enumer\u00f3 una serie de inversiones en marcha o en evaluaci\u00f3n, vinculadas principalmente a los sectores forestal, energ\u00e9tico e industrial. Entre ellas, mencion\u00f3 proyectos de gran escala que podr\u00edan generar miles de puestos de trabajo y multiplicar las exportaciones provinciales. &#8220;Estamos hablando de iniciativas que pueden triplicar el volumen actual de exportaciones y duplicar el producto bruto geogr\u00e1fico&#8221;, afirm\u00f3.<\/p>\n\n\n\n<p>Asimismo, remarc\u00f3 la importancia de avanzar en infraestructura clave para acompa\u00f1ar ese crecimiento, como el desarrollo de puertos, un aeropuerto de cargas pesadas en Paso de los Libres y la mejora de la red ferroviaria. Estas obras, explic\u00f3, son fundamentales para garantizar la competitividad y la conexi\u00f3n con mercados internacionales.<\/p>\n\n\n\n<p>Vald\u00e9s tambi\u00e9n hizo hincapi\u00e9 en el rol de la capacitaci\u00f3n del capital humano y en la articulaci\u00f3n entre el sector p\u00fablico, privado y acad\u00e9mico. En ese sentido, destac\u00f3 acuerdos con universidades y el inter\u00e9s de empresas tecnol\u00f3gicas en proyectos locales.<\/p>\n\n\n\n<p>No obstante, llam\u00f3 a la prudencia al momento de anunciar inversiones, al se\u00f1alar antecedentes de proyectos que no se concretaron. &#8220;Hay que cuidar a los inversores y no generar falsas expectativas&#8221;, advirti\u00f3, aunque ratific\u00f3 el impacto positivo que podr\u00edan tener en la generaci\u00f3n de empleo y el desarrollo econ\u00f3mico.<\/p>\n\n\n\n<h2 class=\"wp-block-heading\">PBG<\/h2>\n\n\n\n<p>El gobernador Juan Pablo Vald\u00e9s expres\u00f3 que &#8220;con estas inversiones se puede duplicar el Producto Bruto Geogr\u00e1fico (PBG) de la provincia&#8221;. Agreg\u00f3 que &#8220;actualmente Corrientes exporta m\u00e1s o menos 330 millones de d\u00f3lares anuales y esta empresa va a tener una exportaci\u00f3n de trabajo de 900 millones de d\u00f3lares, todo con valor agregado de materia prima correntina, eso es tres veces m\u00e1s de lo que se exporta hoy en la provincia&#8221;.<\/p>\n","protected":false},"excerpt":{"rendered":"<p>Juan Pablo Vald\u00e9s afirm\u00f3 que la llegada de capitales privados puede modificar la matriz productiva de Corrientes. Remarc\u00f3 obras estrat\u00e9gicas, baja presi\u00f3n impositiva y articulaci\u00f3n p\u00fablico-privada como claves del crecimiento.&hellip; <\/p>\n","protected":false},"author":8,"featured_media":254108,"comment_status":"closed","ping_status":"open","sticky":false,"template":"","format":"standard","meta":{"footnotes":""},"categories":[8],"tags":[],"class_list":["post-254107","post","type-post","status-publish","format-standard","has-post-thumbnail","hentry","category-locales"],"_links":{"self":[{"href":"https:\/\/corrientesdetarde.com\/index.php\/wp-json\/wp\/v2\/posts\/254107","targetHints":{"allow":["GET"]}}],"collection":[{"href":"https:\/\/corrientesdetarde.com\/index.php\/wp-json\/wp\/v2\/posts"}],"about":[{"href":"https:\/\/corrientesdetarde.com\/index.php\/wp-json\/wp\/v2\/types\/post"}],"author":[{"embeddable":true,"href":"https:\/\/corrientesdetarde.com\/index.php\/wp-json\/wp\/v2\/users\/8"}],"replies":[{"embeddable":true,"href":"https:\/\/corrientesdetarde.com\/index.php\/wp-json\/wp\/v2\/comments?post=254107"}],"version-history":[{"count":1,"href":"https:\/\/corrientesdetarde.com\/index.php\/wp-json\/wp\/v2\/posts\/254107\/revisions"}],"predecessor-version":[{"id":254111,"href":"https:\/\/corrientesdetarde.com\/index.php\/wp-json\/wp\/v2\/posts\/254107\/revisions\/254111"}],"wp:featuredmedia":[{"embeddable":true,"href":"https:\/\/corrientesdetarde.com\/index.php\/wp-json\/wp\/v2\/media\/254108"}],"wp:attachment":[{"href":"https:\/\/corrientesdetarde.com\/index.php\/wp-json\/wp\/v2\/media?parent=254107"}],"wp:term":[{"taxonomy":"category","embeddable":true,"href":"https:\/\/corrientesdetarde.com\/index.php\/wp-json\/wp\/v2\/categories?post=254107"},{"taxonomy":"post_tag","embeddable":true,"href":"https:\/\/corrientesdetarde.com\/index.php\/wp-json\/wp\/v2\/tags?post=254107"}],"curies":[{"name":"wp","href":"https:\/\/api.w.org\/{rel}","templated":true}]}}