{"id":254113,"date":"2026-04-27T08:19:34","date_gmt":"2026-04-27T11:19:34","guid":{"rendered":"https:\/\/corrientesdetarde.com\/?p=254113"},"modified":"2026-04-27T08:19:47","modified_gmt":"2026-04-27T11:19:47","slug":"un-frente-frio-trae-termicas-por-debajo-de-los-10oc","status":"publish","type":"post","link":"https:\/\/corrientesdetarde.com\/index.php\/locales\/un-frente-frio-trae-termicas-por-debajo-de-los-10oc\/","title":{"rendered":"un frente fr\u00edo trae t\u00e9rmicas por debajo de los 10\u00baC"},"content":{"rendered":"\n<p>Los principales pronosticadores de Argentina anticipan un desplome en las marcas m\u00ednimas de los term\u00f3metros. El cambio se extender\u00eda por lo menos hasta el mi\u00e9rcoles. Mientras que hacia el fin de semana se espera el regreso de las precipitaciones.<\/p>\n\n\n\n<p><\/p>\n\n\n\n<p>El Servicio Meteorol\u00f3gico Nacional (SMN) prev\u00e9 m\u00ednimas de 13\u00baC hasta el jueves con la excepci\u00f3n de este martes que se espera 9\u00baC. Las m\u00e1ximas alcanzar\u00e1n en promedio unos 25 \u00baC.<\/p>\n\n\n\n<p>Por su parte, el sitio especializado Meteored estima m\u00ednimas en torno a los 10\u00baC entre el martes y el mi\u00e9rcoles. En tanto, las temperaturas m\u00e1s altas promediar\u00e1n los 23\u00baC. A partir del viernes pronostican hasta un 90% de probabilidad de lluvias, sin acumulados por encima de los 10 mil\u00edmetros.<\/p>\n\n\n\n<p>La semana comienza bajo la influencia de un sistema frontal que ya se desplaza hacia el noreste argentino, dejando precipitaciones limitadas a esa regi\u00f3n y sectores de Paraguay. A partir de su pasaje, se establece una masa de aire fr\u00edo y seco que avanza progresivamente hacia el centro y norte del pa\u00eds.<\/p>\n\n\n\n<p>&#8220;El martes se consolida el ingreso de aire fr\u00edo en la zona central del pa\u00eds, con condiciones de estabilidad generalizada y ausencia casi total de precipitaciones en \u00e1reas productivas. El cielo despejado y la baja humedad potencian el enfriamiento nocturno&#8221;, sostuvo Leonardo De Benedictis, bachiller universitario en Ciencias de la Atm\u00f3sfera, referente de meteored.<\/p>\n\n\n\n<p>En tanto, la aplicaci\u00f3n Tiempo y Radar anticipa marcas m\u00ednimas de 11\u00baC y las m\u00e1ximas cerca de los 26\u00baC. Seg\u00fan el radar, las temperaturas m\u00e1s bajas se registrar\u00e1n entre las 6 y 7 de la ma\u00f1ana.<\/p>\n\n\n\n<p>&#8220;Un frente fr\u00edo seco se encuentra avanzando hacia la regi\u00f3n, se espera su llegada para esta noche en Chaco y Corrientes, y en la madrugada en Misiones. Producir\u00e1 un marcado descenso de temperaturas con incremento del viento del sector sur&#8221;, anticip\u00f3 por su cuenta Pron\u00f3stico de Misiones, referente en informaci\u00f3n del clima de la tierra colorada.<\/p>\n\n\n\n<p>Con este panorama, se espera una semana marcada por ma\u00f1anas m\u00e1s fr\u00edas y jornadas estables, en un t\u00edpico avance oto\u00f1al que comienza a sentirse con mayor intensidad. No obstante, el alivio t\u00e9rmico ser\u00eda breve: hacia el fin de semana las lluvias volver\u00edan a escena, reconfigurando nuevamente las condiciones en la regi\u00f3n.<\/p>\n","protected":false},"excerpt":{"rendered":"<p>Los principales pronosticadores de Argentina anticipan un desplome en las marcas m\u00ednimas de los term\u00f3metros. El cambio se extender\u00eda por lo menos hasta el mi\u00e9rcoles. Mientras que hacia el fin&hellip; <\/p>\n","protected":false},"author":1,"featured_media":254114,"comment_status":"closed","ping_status":"open","sticky":false,"template":"","format":"standard","meta":{"footnotes":""},"categories":[8],"tags":[],"class_list":["post-254113","post","type-post","status-publish","format-standard","has-post-thumbnail","hentry","category-locales"],"_links":{"self":[{"href":"https:\/\/corrientesdetarde.com\/index.php\/wp-json\/wp\/v2\/posts\/254113","targetHints":{"allow":["GET"]}}],"collection":[{"href":"https:\/\/corrientesdetarde.com\/index.php\/wp-json\/wp\/v2\/posts"}],"about":[{"href":"https:\/\/corrientesdetarde.com\/index.php\/wp-json\/wp\/v2\/types\/post"}],"author":[{"embeddable":true,"href":"https:\/\/corrientesdetarde.com\/index.php\/wp-json\/wp\/v2\/users\/1"}],"replies":[{"embeddable":true,"href":"https:\/\/corrientesdetarde.com\/index.php\/wp-json\/wp\/v2\/comments?post=254113"}],"version-history":[{"count":1,"href":"https:\/\/corrientesdetarde.com\/index.php\/wp-json\/wp\/v2\/posts\/254113\/revisions"}],"predecessor-version":[{"id":254117,"href":"https:\/\/corrientesdetarde.com\/index.php\/wp-json\/wp\/v2\/posts\/254113\/revisions\/254117"}],"wp:featuredmedia":[{"embeddable":true,"href":"https:\/\/corrientesdetarde.com\/index.php\/wp-json\/wp\/v2\/media\/254114"}],"wp:attachment":[{"href":"https:\/\/corrientesdetarde.com\/index.php\/wp-json\/wp\/v2\/media?parent=254113"}],"wp:term":[{"taxonomy":"category","embeddable":true,"href":"https:\/\/corrientesdetarde.com\/index.php\/wp-json\/wp\/v2\/categories?post=254113"},{"taxonomy":"post_tag","embeddable":true,"href":"https:\/\/corrientesdetarde.com\/index.php\/wp-json\/wp\/v2\/tags?post=254113"}],"curies":[{"name":"wp","href":"https:\/\/api.w.org\/{rel}","templated":true}]}}