{"id":254121,"date":"2026-04-27T08:40:56","date_gmt":"2026-04-27T11:40:56","guid":{"rendered":"https:\/\/corrientesdetarde.com\/?p=254121"},"modified":"2026-04-27T08:41:03","modified_gmt":"2026-04-27T11:41:03","slug":"la-frase-letal-de-kennys-palacios-cuando-le-preguntaron-por-que-wanda-nara-no-lo-llamo-para-su-serie-vertical","status":"publish","type":"post","link":"https:\/\/corrientesdetarde.com\/index.php\/espectaculos\/la-frase-letal-de-kennys-palacios-cuando-le-preguntaron-por-que-wanda-nara-no-lo-llamo-para-su-serie-vertical\/","title":{"rendered":"La frase letal de Kennys Palacios cuando le preguntaron por qu\u00e9 Wanda Nara no lo llam\u00f3 para su serie vertical"},"content":{"rendered":"\n<p>El estilista habl\u00f3 sobre el distanciamiento que hubo en este \u00faltimo tiempo entre \u00e9l y la medi\u00e1tica.<\/p>\n\n\n\n<p><strong>Kennys Palacios<\/strong>\u00a0sorprendi\u00f3 al hablar sobre su v\u00ednculo con\u00a0<strong>Wanda Nara<\/strong>. El estilista se refiri\u00f3 a los rumores que aseguran que la amistad entre ellos termin\u00f3 de la peor manera.<\/p>\n\n\n\n<p>En una nota para\u00a0<em>Infama (Am\u00e9rica)<\/em>\u00a0lanz\u00f3 una frase picante cuando Pablo Layus le pregunt\u00f3 por qu\u00e9 la medi\u00e1tica<strong>\u00a0no lo llam\u00f3\u00a0<\/strong>para ser parte de\u00a0<em><strong>Tri\u00e1ngulo amoroso<\/strong><\/em>, su serie vertical<\/p>\n\n\n\n<p>\u201cSe ve que&nbsp;<strong>no pensaron en m\u00ed, llamaron a otro personaje<\/strong>. Me contaron que Lucas Spadafora hace el personaje de un maquillador y peinador\u201d, expres\u00f3 sin filtros por el influencer que convocaron para que cumpla su rol en la ficci\u00f3n.<\/p>\n\n\n\n<figure class=\"wp-block-image\"><img decoding=\"async\" src=\"https:\/\/tn.com.ar\/resizer\/v2\/kennys-palacios-y-la-serie-vertical-de-wanda-nara-foto-captura-america-UOELUN27AZBRRCNFOE7QMA2V2A.jpg?auth=d741f149d0e3c280607f8f781b6500be93a41bcada11033883adf0f815b6d486&amp;width=767\" alt=\"Kennys Palacios y la serie vertical de Wanda Nara. (Foto: captura Am\u00e9rica)\"\/><\/figure>\n\n\n\n<p>Al dar detalles sobre esta situaci\u00f3n, el estilista manifest\u00f3: \u201cPienso que ellos cre\u00edan que yo iba a seguir dentro de la casa de<em><strong>Gran Hermano<\/strong><\/em>. Una ficci\u00f3n no se hace de un d\u00eda para el otro\u201d.<\/p>\n\n\n\n<p>Cabe recordar que Kennys form\u00f3 parte de la edici\u00f3n del reality de este a\u00f1o y fue en ese momento que<strong>&nbsp;se quebr\u00f3 su amistad<\/strong>&nbsp;con Wanda ya que ella no lo apoy\u00f3 durante su paso por la casa m\u00e1s famosa del pa\u00eds.<\/p>\n\n\n\n<p>\u201cA m\u00ed una historia no me hace ni m\u00e1s ni menos amigo de una persona\u201d, reflexion\u00f3 al respecto. Y lanz\u00f3 de manera tajante: \u201cMucha gente me sigue relacionando con ella. Yo estoy tranquilo porque&nbsp;<strong>s\u00e9 lo que pas\u00f3 entre nosotros<\/strong>\u201d.<\/p>\n\n\n\n<h2 class=\"wp-block-heading\">Kennys Palacios y su paso por \u201cGran Hermano 2026\u2033<\/h2>\n\n\n\n<p>A finales de marzo, Kennys qued\u00f3 eliminado de&nbsp;<em>Gran Hermano 2026 (Telefe)<\/em>&nbsp;y tuvo una charla con el conductor Santiago del Moro en el streaming del canal. All\u00ed, le preguntaron por<strong>&nbsp;el poco apoyo que recibi\u00f3<\/strong>&nbsp;de Wanda Nara mientras estaba en la casa.<\/p>\n\n\n\n<p>\u201cNo me interesa si me apoy\u00f3 o no,&nbsp;<strong>Wanda no entr\u00f3 a jugar, entr\u00e9 a jugar yo.&nbsp;<\/strong>No me importa, y yo no le ped\u00ed que me acompa\u00f1e. Uno no tiene por qu\u00e9 obligar a nadie\u201d, expres\u00f3 el estilista.<\/p>\n\n\n\n<figure class=\"wp-block-image\"><img decoding=\"async\" src=\"https:\/\/tn.com.ar\/resizer\/v2\/kennys-palacios-y-wanda-nara-eran-amigos-intimos-foto-instagramkennys-palacios-DMWUIMJD7VGWXOXRFXNSGIBQGA.jpg?auth=1622ee10259b7b4a755feb0ed964d2ca6e550124cf46c1702ee1b1f9cabbbcb6&amp;width=767\" alt=\"Kennys Palacios y Wanda Nara eran amigos \u00edntimos. (Foto: Instagram\/Kennys Palacios)\n\"\/><\/figure>\n\n\n\n<p>Lo cierto es que, antes de que Palacios ingrese a la casa, ya corr\u00edan&nbsp;<strong>rumores de que hab\u00eda tomado distancia de Wanda Nara<\/strong>&nbsp;y que ya no eran tan cercanos como antes.<\/p>\n\n\n\n<p>Sin embargo, los televidentes esperaban ver posteos de Wanda Nara en apoyo del estilista y que ayudara a la hora de hacer campa\u00f1a para que no quedara eliminado del&nbsp;<em>reality<\/em>.<\/p>\n","protected":false},"excerpt":{"rendered":"<p>El estilista habl\u00f3 sobre el distanciamiento que hubo en este \u00faltimo tiempo entre \u00e9l y la medi\u00e1tica. Kennys Palacios\u00a0sorprendi\u00f3 al hablar sobre su v\u00ednculo con\u00a0Wanda Nara. El estilista se refiri\u00f3&hellip; <\/p>\n","protected":false},"author":8,"featured_media":254122,"comment_status":"closed","ping_status":"open","sticky":false,"template":"","format":"standard","meta":{"footnotes":""},"categories":[19],"tags":[],"class_list":["post-254121","post","type-post","status-publish","format-standard","has-post-thumbnail","hentry","category-espectaculos"],"_links":{"self":[{"href":"https:\/\/corrientesdetarde.com\/index.php\/wp-json\/wp\/v2\/posts\/254121","targetHints":{"allow":["GET"]}}],"collection":[{"href":"https:\/\/corrientesdetarde.com\/index.php\/wp-json\/wp\/v2\/posts"}],"about":[{"href":"https:\/\/corrientesdetarde.com\/index.php\/wp-json\/wp\/v2\/types\/post"}],"author":[{"embeddable":true,"href":"https:\/\/corrientesdetarde.com\/index.php\/wp-json\/wp\/v2\/users\/8"}],"replies":[{"embeddable":true,"href":"https:\/\/corrientesdetarde.com\/index.php\/wp-json\/wp\/v2\/comments?post=254121"}],"version-history":[{"count":1,"href":"https:\/\/corrientesdetarde.com\/index.php\/wp-json\/wp\/v2\/posts\/254121\/revisions"}],"predecessor-version":[{"id":254123,"href":"https:\/\/corrientesdetarde.com\/index.php\/wp-json\/wp\/v2\/posts\/254121\/revisions\/254123"}],"wp:featuredmedia":[{"embeddable":true,"href":"https:\/\/corrientesdetarde.com\/index.php\/wp-json\/wp\/v2\/media\/254122"}],"wp:attachment":[{"href":"https:\/\/corrientesdetarde.com\/index.php\/wp-json\/wp\/v2\/media?parent=254121"}],"wp:term":[{"taxonomy":"category","embeddable":true,"href":"https:\/\/corrientesdetarde.com\/index.php\/wp-json\/wp\/v2\/categories?post=254121"},{"taxonomy":"post_tag","embeddable":true,"href":"https:\/\/corrientesdetarde.com\/index.php\/wp-json\/wp\/v2\/tags?post=254121"}],"curies":[{"name":"wp","href":"https:\/\/api.w.org\/{rel}","templated":true}]}}