{"id":254137,"date":"2026-04-27T09:38:01","date_gmt":"2026-04-27T12:38:01","guid":{"rendered":"https:\/\/corrientesdetarde.com\/?p=254137"},"modified":"2026-04-27T09:38:06","modified_gmt":"2026-04-27T12:38:06","slug":"corrientes-celebro-su-identidad-con-un-espectaculo-que-unio-arte-fe-y-tradicion","status":"publish","type":"post","link":"https:\/\/corrientesdetarde.com\/index.php\/eventos\/corrientes-celebro-su-identidad-con-un-espectaculo-que-unio-arte-fe-y-tradicion\/","title":{"rendered":"Corrientes celebr\u00f3 su identidad con un espect\u00e1culo que uni\u00f3 arte, fe y tradici\u00f3n"},"content":{"rendered":"\n<p>MULTITUDINARIA GALA EN LAS ESCALINATAS DEL PALACIO LEGISLATIVO<\/p>\n\n\n\n<p>En una noche atravesada por la emoci\u00f3n, la identidad y el orgullo correntino, la Legislatura provincial fue escenario de la gala \u201c438\u00ba Corrientes Celebra. Corrientes Danza. Corrientes Peregrina\u201d, una propuesta integral impulsada por la Vicegobernaci\u00f3n y la Honorable C\u00e1mara de Senadores, a trav\u00e9s de Cultura Senado y con el acompa\u00f1amiento de organismos provinciales y municipios del interior.<\/p>\n\n\n\n<p>El acto cont\u00f3 con la presencia del vicegobernador Pedro Braillard Poccard; la senadora nacional Gabriela Valenzuela; la diputada nacional Virginia Gallardo; legisladores provinciales, funcionarios del poder Ejecutivo, autoridades culturales, intendentes y viceintendentes de San Luis del Palmar, San Cosme, Paso de la Patria y Ramada Paso, entre otros referentes institucionales y del \u00e1mbito cultural.<\/p>\n\n\n\n<p>Uno de los momentos m\u00e1s conmovedores de la noche fue la obra \u201cCorrientes tiene pay\u00e9\u201d, homenaje a Osvaldo Sosa Cordero, con guion de Mauro Santamar\u00eda, quien adem\u00e1s realiz\u00f3 una interpretaci\u00f3n profundamente emotiva, logrando una conexi\u00f3n directa con el p\u00fablico. El espect\u00e1culo, de alto nivel art\u00edstico, integr\u00f3 m\u00fasica en vivo, danza y actuaci\u00f3n, destac\u00e1ndose por su calidad integral y por poner en valor la esencia del chamam\u00e9 y el carnaval como expresiones identitarias.<\/p>\n\n\n\n<p>En su discurso, el vicegobernador subray\u00f3 el crecimiento y la identidad que ha adquirido este ciclo cultural, destacando \u201cla generosidad de nuestros artistas, que nos permiten disfrutar y valorar el enorme patrimonio cultural que tiene Corrientes\u201d. Asimismo, puso en relieve el homenaje a Sosa Cordero y la actuaci\u00f3n de Santamar\u00eda, a la vez que reconoci\u00f3 la trayectoria de la Coral de la C\u00e1mara de Senadores en sus 15 a\u00f1os. En otro tramo central, reafirm\u00f3 el compromiso institucional para acompa\u00f1ar la postulaci\u00f3n de la peregrinaci\u00f3n de San Luis del Palmar a Itat\u00ed como Patrimonio Cultural Inmaterial de la Humanidad, se\u00f1alando que \u201ces una expresi\u00f3n profundamente arraigada en el sentimiento de nuestro pueblo, que merece el reconocimiento que tienen otras manifestaciones en el mundo\u201d.<\/p>\n\n\n\n<p>Postulaci\u00f3n ante la UNESCO<br>La segunda etapa de la gala, \u201cCorrientes Peregrina\u201d, puso el foco en este camino hacia el reconocimiento de la Peregrinaci\u00f3n de San Luis del Palmar a Itat\u00ed como Patrimonio Cultural Inmaterial de la Humanidad ante la UNESCO, siguiendo los mismos pasos que el Chamam\u00e9.<\/p>\n\n\n\n<p>En ese marco, se inaugur\u00f3 la muestra \u201cLa Fe que Camina\u201d, del Museo del Pueblo Peregrino, que visibiliza el valor cultural, comunitario y espiritual de esta tradici\u00f3n centenaria.<\/p>\n\n\n\n<p>La doctora Gabriela Basualdo, integrante del equipo t\u00e9cnico de la postulaci\u00f3n ante la UNESCO, destac\u00f3 el car\u00e1cter colectivo del proyecto y convoc\u00f3 a la comunidad a involucrarse: \u201cEste es un trabajo del pueblo, de las organizaciones y de todos los que sostienen viva la peregrinaci\u00f3n. Necesitamos que cada correntino sea parte de este proceso\u201d.<\/p>\n\n\n\n<p>Por su parte, la senadora nacional Gabriela Valenzuela, autora del proyecto de ley para reconocer la peregrinaci\u00f3n como patrimonio cultural argentino, remarc\u00f3 que se trata de \u201cuna expresi\u00f3n viva de identidad, fe y cultura que debe ser preservada, transmitida y proyectada al mundo\u201d. Adem\u00e1s, subray\u00f3 que esta iniciativa representa \u201cun paso fundamental hacia su reconocimiento internacional\u201d.<\/p>\n\n\n\n<p>Momento de danzar<br>La velada continu\u00f3 con el segmento \u201cMomento de danzar\u201d, en el marco del D\u00eda Internacional de la Danza, donde academias y compa\u00f1\u00edas locales desplegaron una variada y colorida propuesta coreogr\u00e1fica. Desde el folclore tradicional hasta el ballet cl\u00e1sico, la danza contempor\u00e1nea y ritmos urbanos, cada presentaci\u00f3n aport\u00f3 su impronta, celebrando la diversidad cultural y el talento local. La jornada tambi\u00e9n evoc\u00f3 la figura de Dionisio Soler, al recordarse la institucionalizaci\u00f3n del D\u00eda Provincial del Bailar\u00edn Correntino.<\/p>\n\n\n\n<p>Las siguientes academias y compa\u00f1\u00edas locales desplegaron una variada y destacada propuesta coreogr\u00e1fica. Participaron el Ballet \u201cMataco Lemos\u201d con la obra \u201cZamba, Chacarera y Gato\u201d; R\u00e9v\u00e9rence Ballet Estudio con \u201cDivertimento\u201d; Marcando tus Pasos con \u201cHold on\u201d (cuarteto de t\u00e9cnicas mixtas); el Elenco de Danzas del Instituto Superior \u201cCarmelo H. De Biasi\u201d con \u201cLatidos del R\u00edo Paran\u00e1\u201d; Mil Ritmos Escuela de Danzas con \u201cIra\u201d, fragmento de la obra \u201cMatices\u201d en estilo salsa femenino; Baila Conmigo Premium Dance con \u201cCambio de ritmo\u201d; Arte Studio Academia de Danzas con \u201cVariaci\u00f3n de Cupido\u201d; la Compa\u00f1\u00eda de Danzas \u201cAgua de Lluvia\u201d con un fragmento de \u201cCorrentada\u201d; la Academia \u201cSambballet\u201d con samba vocalizado, samba tradicional y samba enredo; el Estudio Ballet de Ra\u00fal Cerd\u00e1n Aguirre y Jos\u00e9 Aguilar con variaciones cl\u00e1sicas de repertorio como \u201cEntree de Kitri\u201d, \u201cVariaci\u00f3n de Giselle\u201d y \u201cVariaci\u00f3n de Diana\u201d; Gitane Ballet con \u201cSonrisas\u201d; Numen Compa\u00f1\u00eda de Danzas con \u201cPedro Canoero\u201d; el Instituto Karina Lencina e Instituto Hamad con \u201cHaklak Rahtak\u201d; Mainumby Compa\u00f1\u00eda de Arte con \u201cChamam\u00e9 como rezo, fiesta y abrazo del litoral\u201d; Distrito 7 con \u201cLa musa y los locos pintores\u201d; Internacional Sambawings con su propuesta de samba internacional junto a Corrientes y Resistencia; y Litoral Ballet con un fragmento de \u201cEl Campiri\u00f1o\u201d. Cada presentaci\u00f3n aport\u00f3 su impronta, reflejando la riqueza y diversidad de la danza como expresi\u00f3n cultural.<\/p>\n\n\n\n<p>En un trabajo articulado del Consejo de Crecimiento Econ\u00f3mico y Desarrollo Social y la Vicegobernaci\u00f3n de Corrientes, junto a los municipios de San Luis del Palmar, San Cosme y Paso de la Patria, se sumaron stands institucionales y emprendedores locales, fortaleciendo este espacio de promoci\u00f3n y encuentro. Asimismo, se destac\u00f3 el acompa\u00f1amiento del Ministerio de Turismo, que respald\u00f3 la iniciativa, invitando adem\u00e1s al p\u00fablico a disfrutar de un Patio Gastron\u00f3mico.<\/p>\n\n\n\n<p>Como cierre, el p\u00fablico fue invitado a recorrer la muestra \u201cLa Fe que Camina\u201d en el Sal\u00f3n de los Pasos Perdidos, mientras que, en el exterior, la plaza se transform\u00f3 en un espacio de encuentro con stands institucionales y emprendedores locales.<\/p>\n\n\n\n<figure class=\"wp-block-image size-large\"><img loading=\"lazy\" decoding=\"async\" width=\"1024\" height=\"641\" src=\"https:\/\/corrientesdetarde.com\/wp-content\/uploads\/2026\/04\/WhatsApp-Image-2026-04-27-at-09.25.45-1024x641.jpeg\" alt=\"\" class=\"wp-image-254140\" srcset=\"https:\/\/corrientesdetarde.com\/wp-content\/uploads\/2026\/04\/WhatsApp-Image-2026-04-27-at-09.25.45-1024x641.jpeg 1024w, https:\/\/corrientesdetarde.com\/wp-content\/uploads\/2026\/04\/WhatsApp-Image-2026-04-27-at-09.25.45-300x188.jpeg 300w, https:\/\/corrientesdetarde.com\/wp-content\/uploads\/2026\/04\/WhatsApp-Image-2026-04-27-at-09.25.45-768x481.jpeg 768w, https:\/\/corrientesdetarde.com\/wp-content\/uploads\/2026\/04\/WhatsApp-Image-2026-04-27-at-09.25.45.jpeg 1030w\" sizes=\"auto, (max-width: 1024px) 100vw, 1024px\" \/><\/figure>\n\n\n\n<figure class=\"wp-block-image size-large\"><img loading=\"lazy\" decoding=\"async\" width=\"1024\" height=\"674\" src=\"https:\/\/corrientesdetarde.com\/wp-content\/uploads\/2026\/04\/WhatsApp-Image-2026-04-27-at-09.24.56-1024x674.jpeg\" alt=\"\" class=\"wp-image-254139\" srcset=\"https:\/\/corrientesdetarde.com\/wp-content\/uploads\/2026\/04\/WhatsApp-Image-2026-04-27-at-09.24.56-1024x674.jpeg 1024w, https:\/\/corrientesdetarde.com\/wp-content\/uploads\/2026\/04\/WhatsApp-Image-2026-04-27-at-09.24.56-300x198.jpeg 300w, https:\/\/corrientesdetarde.com\/wp-content\/uploads\/2026\/04\/WhatsApp-Image-2026-04-27-at-09.24.56-768x506.jpeg 768w, https:\/\/corrientesdetarde.com\/wp-content\/uploads\/2026\/04\/WhatsApp-Image-2026-04-27-at-09.24.56.jpeg 1128w\" sizes=\"auto, (max-width: 1024px) 100vw, 1024px\" \/><\/figure>\n\n\n\n<figure class=\"wp-block-image size-full\"><img loading=\"lazy\" decoding=\"async\" width=\"872\" height=\"649\" src=\"https:\/\/corrientesdetarde.com\/wp-content\/uploads\/2026\/04\/WhatsApp-Image-2026-04-27-at-09.25.22.jpeg\" alt=\"\" class=\"wp-image-254141\" srcset=\"https:\/\/corrientesdetarde.com\/wp-content\/uploads\/2026\/04\/WhatsApp-Image-2026-04-27-at-09.25.22.jpeg 872w, https:\/\/corrientesdetarde.com\/wp-content\/uploads\/2026\/04\/WhatsApp-Image-2026-04-27-at-09.25.22-300x223.jpeg 300w, https:\/\/corrientesdetarde.com\/wp-content\/uploads\/2026\/04\/WhatsApp-Image-2026-04-27-at-09.25.22-768x572.jpeg 768w\" sizes=\"auto, (max-width: 872px) 100vw, 872px\" \/><\/figure>\n","protected":false},"excerpt":{"rendered":"<p>MULTITUDINARIA GALA EN LAS ESCALINATAS DEL PALACIO LEGISLATIVO En una noche atravesada por la emoci\u00f3n, la identidad y el orgullo correntino, la Legislatura provincial fue escenario de la gala \u201c438\u00ba&hellip; <\/p>\n","protected":false},"author":8,"featured_media":254138,"comment_status":"closed","ping_status":"open","sticky":false,"template":"","format":"standard","meta":{"footnotes":""},"categories":[22],"tags":[],"class_list":["post-254137","post","type-post","status-publish","format-standard","has-post-thumbnail","hentry","category-eventos"],"_links":{"self":[{"href":"https:\/\/corrientesdetarde.com\/index.php\/wp-json\/wp\/v2\/posts\/254137","targetHints":{"allow":["GET"]}}],"collection":[{"href":"https:\/\/corrientesdetarde.com\/index.php\/wp-json\/wp\/v2\/posts"}],"about":[{"href":"https:\/\/corrientesdetarde.com\/index.php\/wp-json\/wp\/v2\/types\/post"}],"author":[{"embeddable":true,"href":"https:\/\/corrientesdetarde.com\/index.php\/wp-json\/wp\/v2\/users\/8"}],"replies":[{"embeddable":true,"href":"https:\/\/corrientesdetarde.com\/index.php\/wp-json\/wp\/v2\/comments?post=254137"}],"version-history":[{"count":1,"href":"https:\/\/corrientesdetarde.com\/index.php\/wp-json\/wp\/v2\/posts\/254137\/revisions"}],"predecessor-version":[{"id":254142,"href":"https:\/\/corrientesdetarde.com\/index.php\/wp-json\/wp\/v2\/posts\/254137\/revisions\/254142"}],"wp:featuredmedia":[{"embeddable":true,"href":"https:\/\/corrientesdetarde.com\/index.php\/wp-json\/wp\/v2\/media\/254138"}],"wp:attachment":[{"href":"https:\/\/corrientesdetarde.com\/index.php\/wp-json\/wp\/v2\/media?parent=254137"}],"wp:term":[{"taxonomy":"category","embeddable":true,"href":"https:\/\/corrientesdetarde.com\/index.php\/wp-json\/wp\/v2\/categories?post=254137"},{"taxonomy":"post_tag","embeddable":true,"href":"https:\/\/corrientesdetarde.com\/index.php\/wp-json\/wp\/v2\/tags?post=254137"}],"curies":[{"name":"wp","href":"https:\/\/api.w.org\/{rel}","templated":true}]}}