{"id":254143,"date":"2026-04-27T09:49:46","date_gmt":"2026-04-27T12:49:46","guid":{"rendered":"https:\/\/corrientesdetarde.com\/?p=254143"},"modified":"2026-04-27T09:49:58","modified_gmt":"2026-04-27T12:49:58","slug":"acusaron-a-danelik-de-robar-comida-y-brian-sarmiento-termino-a-los-gritos-contra-todos-en-gran-hermano-2026","status":"publish","type":"post","link":"https:\/\/corrientesdetarde.com\/index.php\/espectaculos\/acusaron-a-danelik-de-robar-comida-y-brian-sarmiento-termino-a-los-gritos-contra-todos-en-gran-hermano-2026\/","title":{"rendered":"Acusaron a Danelik de robar comida y Brian Sarmiento termin\u00f3 a los gritos contra todos en \u201cGran Hermano 2026\u201d"},"content":{"rendered":"\n<p>El exfutbolista y la influencer se defendieron frente a sus compa\u00f1eros.<\/p>\n\n\n\n<p><strong>Brian Sarmiento<\/strong>\u00a0sigue en la mira de sus compa\u00f1eros de\u00a0<em><strong>Gran Hermano: Generaci\u00f3n Dorada<\/strong><\/em>\u00a0(<em>Telefe<\/em>), mientras sigue en la placa de nominados. Es por eso que las peleas con el exfutbolista se incrementaron en las \u00faltimas horas.<\/p>\n\n\n\n<p>Este domingo, hubo una situaci\u00f3n alrededor de la comida que escasea bastante debido<strong>\u00a0al poco presupuesto que manejan en las semanas que pasaron.<\/strong><\/p>\n\n\n\n<h2 class=\"wp-block-heading\">Qu\u00e9 pas\u00f3 con Brian Sarmiento y la comida en \u201cGran Hermano 2026\u2033<\/h2>\n\n\n\n<p>Al parecer, varios de los chicos levantaron mucho la bronca porque faltaba queso para poder usar durante la cena y la apuntada principal fue&nbsp;<strong>Danelik<\/strong>.<\/p>\n\n\n\n<p>Esto motivo a que Brian se pusiera a la defensiva y terminara a los gritos con Manuel, Titi y Lolo. \u201cCuando ellos agarran queso los re cag&#8230; a pedos porque est\u00e1 contado para la comida de ma\u00f1ana\u201d, explic\u00f3 el exnovio de&nbsp;<strong>Zoe Bogach<\/strong>.<\/p>\n\n\n\n<figure class=\"wp-block-image\"><img decoding=\"async\" src=\"https:\/\/tn.com.ar\/resizer\/v2\/danelik-y-brian-sarmiento-se-llevan-mal-con-casi-toda-la-casa-de-gran-hermano-2026-foto-captura-de-telefe-I7WOWZCNSBBI5P5HTYQGSALRPM.jpg?auth=750e14751354f16d1b0ed69aa4b047fae1cbc761ccf76c01647bd67ca6742e6e&amp;width=767\" alt=\"Danelik y Brian Sarmiento se llevan mal con casi toda la casa de &quot;Gran Hermano 2026&quot;. (Foto: captura de Telefe)\"\/><\/figure>\n\n\n\n<p>\u201cEst\u00e1 bien, Manu, si quer\u00e9s que vaya a cocinar, cocino.&nbsp;<strong>Qu\u00e9 drama hay<\/strong>\u201d, replic\u00f3 Brian, al que le reprochaban, adem\u00e1s, que come queso junto con&nbsp;<strong>Danelik&nbsp;<\/strong>para evitar cocinarse.<\/p>\n\n\n\n<p>Es en ese momento en que&nbsp;<strong>Lolo Poggio&nbsp;<\/strong>tambi\u00e9n intervino y le hizo un aireado reclamo a su compa\u00f1ero.<strong>&nbsp;\u201cHab\u00eda papa, lo que est\u00e1 limitado es el queso y la leche\u201d, lanz\u00f3.<\/strong><\/p>\n\n\n\n<p>Enojado y con mucha bronca,&nbsp;<strong>Brian tuvo otro arranque de furia&nbsp;<\/strong>contra la joven modelo y contra&nbsp;<strong>Titi<\/strong>, que tambi\u00e9n le estaba cuestionando su actitud. No es la primera vez que se cruzan en el certamen televisivo.<\/p>\n\n\n\n<figure class=\"wp-block-image\"><img decoding=\"async\" src=\"https:\/\/tn.com.ar\/resizer\/v2\/brian-sarmiento-quedo-otra-vez-en-la-mira-por-sus-actitudes-foto-captura-de-telefe-YPEE6OMQP5FCHCKRTDRQMDOOPM.jpg?auth=5e3eda3acd651ed622d44228bb623484709a17bf374830ecf46466b0fb596983&amp;width=767\" alt=\"Brian Sarmiento qued\u00f3 otra vez en la mira por sus actitudes. (Foto: captura de Telefe)\"\/><\/figure>\n\n\n\n<p>\u201cNo te hagas la&nbsp;<em>cocorita<\/em>. Te hac\u00e9s la&nbsp;<em>cocorita<\/em>. Si quer\u00e9s que cocine, cocino.&nbsp;<strong>\u00bfCu\u00e1l es el problema?<\/strong>. Si vos est\u00e1s ah\u00ed y yo estoy sentado ac\u00e1 viendo c\u00f3mo comen papa, yo vengo y cierro el c&#8230;\u201d, lanz\u00f3 el exdelantero, antes de que cortaran las c\u00e1maras de la transmisi\u00f3n 24 horas.<\/p>\n\n\n\n<p>Varios usuarios advirtieron que&nbsp;<strong>Danelik hab\u00eda escondido en la habitaci\u00f3n un par de porciones de queso.<\/strong>&nbsp;Debido al faltante de alimentos que tienen por el escaso presupuesto que manejaron las \u00faltimas semanas, los jugadores se pusieron de acuerdo para limitar el consumo de algunos productos hasta que puedan hacer la compra semanal.<\/p>\n\n\n\n<p><strong>Brian Sarmiento y Danelik<\/strong>&nbsp;son dos de los nominados que hay en una de las placas negativas m\u00e1s fuertes de los \u00faltimos programas, junto a&nbsp;<strong>Solange Abraham<\/strong>,&nbsp;<strong>Yipio&nbsp;<\/strong>y&nbsp;<strong>Zunino<\/strong>. Este lunes se sabr\u00e1 qui\u00e9n es el que abandona la casa y la gran mayor\u00eda de las encuestas de redes lo dan al exfutbolista como&nbsp;<strong>el que tiene m\u00e1s chances de irse.<\/strong><\/p>\n","protected":false},"excerpt":{"rendered":"<p>El exfutbolista y la influencer se defendieron frente a sus compa\u00f1eros. Brian Sarmiento\u00a0sigue en la mira de sus compa\u00f1eros de\u00a0Gran Hermano: Generaci\u00f3n Dorada\u00a0(Telefe), mientras sigue en la placa de nominados.&hellip; <\/p>\n","protected":false},"author":8,"featured_media":254144,"comment_status":"closed","ping_status":"open","sticky":false,"template":"","format":"standard","meta":{"footnotes":""},"categories":[19],"tags":[],"class_list":["post-254143","post","type-post","status-publish","format-standard","has-post-thumbnail","hentry","category-espectaculos"],"_links":{"self":[{"href":"https:\/\/corrientesdetarde.com\/index.php\/wp-json\/wp\/v2\/posts\/254143","targetHints":{"allow":["GET"]}}],"collection":[{"href":"https:\/\/corrientesdetarde.com\/index.php\/wp-json\/wp\/v2\/posts"}],"about":[{"href":"https:\/\/corrientesdetarde.com\/index.php\/wp-json\/wp\/v2\/types\/post"}],"author":[{"embeddable":true,"href":"https:\/\/corrientesdetarde.com\/index.php\/wp-json\/wp\/v2\/users\/8"}],"replies":[{"embeddable":true,"href":"https:\/\/corrientesdetarde.com\/index.php\/wp-json\/wp\/v2\/comments?post=254143"}],"version-history":[{"count":1,"href":"https:\/\/corrientesdetarde.com\/index.php\/wp-json\/wp\/v2\/posts\/254143\/revisions"}],"predecessor-version":[{"id":254145,"href":"https:\/\/corrientesdetarde.com\/index.php\/wp-json\/wp\/v2\/posts\/254143\/revisions\/254145"}],"wp:featuredmedia":[{"embeddable":true,"href":"https:\/\/corrientesdetarde.com\/index.php\/wp-json\/wp\/v2\/media\/254144"}],"wp:attachment":[{"href":"https:\/\/corrientesdetarde.com\/index.php\/wp-json\/wp\/v2\/media?parent=254143"}],"wp:term":[{"taxonomy":"category","embeddable":true,"href":"https:\/\/corrientesdetarde.com\/index.php\/wp-json\/wp\/v2\/categories?post=254143"},{"taxonomy":"post_tag","embeddable":true,"href":"https:\/\/corrientesdetarde.com\/index.php\/wp-json\/wp\/v2\/tags?post=254143"}],"curies":[{"name":"wp","href":"https:\/\/api.w.org\/{rel}","templated":true}]}}