{"id":254146,"date":"2026-04-27T09:57:33","date_gmt":"2026-04-27T12:57:33","guid":{"rendered":"https:\/\/corrientesdetarde.com\/?p=254146"},"modified":"2026-04-27T09:57:42","modified_gmt":"2026-04-27T12:57:42","slug":"ambiente-en-armonia-cambio-climatico-y-futuro-sustentable-la-agenda-en-la-cumbre-de-intendentes","status":"publish","type":"post","link":"https:\/\/corrientesdetarde.com\/index.php\/actualidad\/ambiente-en-armonia-cambio-climatico-y-futuro-sustentable-la-agenda-en-la-cumbre-de-intendentes\/","title":{"rendered":"Ambiente en armon\u00eda, cambio clim\u00e1tico y futuro sustentable, la agenda en la cumbre de intendentes"},"content":{"rendered":"\n<p>\u00bfQu\u00e9 hacer y qu\u00e9 no hacer para cuidar el planeta? Cambios simples y pol\u00edticas profundas basadas en datos asoman como columnas fundamentales para aliviar el da\u00f1o.<\/p>\n\n\n\n<p>Los astronautas de Artemis se maravillaron mientras observaban la Tierra desde el espacio sideral. El integrante de la misi\u00f3n Victor Glover reflexion\u00f3 con total sentido com\u00fan \u201cEs una nave espacial perfecta, la \u00fanica que tenemos, es vital cuidarla o al menos dejar de da\u00f1arla\u201d.<\/p>\n\n\n\n<p>San Miguel de Tucum\u00e1n fue escenario de la VIII&nbsp;<strong>Asamblea Nacional de Intendentes de la Red Argentina de Municipios frente al Cambio Clim\u00e1tico (RAMCC)<\/strong>, un encuentro que reuni\u00f3 a m\u00e1s de 90 jefes comunales de todo el pa\u00eds, junto a funcionarios, especialistas y delegaciones internacionales, con el objetivo de avanzar en pol\u00edticas concretas frente al cambio clim\u00e1tico.<\/p>\n\n\n\n<p>La jornada inaugural estuvo encabezada por la intendenta de San Miguel de Tucum\u00e1n, Rossana Chahla, junto al gobernador Osvaldo Jaldo y el vicegobernador Miguel Acevedo. Tambi\u00e9n participaron autoridades legislativas, funcionarios nacionales y representantes internacionales de Chile, Paraguay y Portugal.<\/p>\n\n\n\n<h2 class=\"wp-block-heading\">Un encuentro federal con foco en la acci\u00f3n clim\u00e1tica<\/h2>\n\n\n\n<p>Durante la asamblea, se desarrollaron distintas mesas de trabajo orientadas a fortalecer la acci\u00f3n clim\u00e1tica desde el nivel local. Entre ellas, se destac\u00f3 la Mesa de Intendentes de ciudades exsede de la RAMCC y capitales provinciales, con la participaci\u00f3n de&nbsp;<strong>referentes de distintos puntos del pa\u00eds<\/strong>, y la Mesa Provincial de Ambiente, donde se compartieron experiencias de gesti\u00f3n en \u00e1reas clim\u00e1ticas.<\/p>\n\n\n\n<p>Uno de los ejes centrales fue la necesidad de&nbsp;<strong>avanzar en pol\u00edticas p\u00fablicas sostenidas,<\/strong>&nbsp;basadas en evidencia y articuladas entre municipios. \u201cHoy es un d\u00eda muy importante para la provincia de Tucum\u00e1n. En San Miguel de Tucum\u00e1n se est\u00e1 llevando a cabo la octava asamblea de la Red Argentina de Municipios frente al Cambio Clim\u00e1tico, una red que nuclea alrededor de 300 ciudades de toda la Argentina\u201d, destac\u00f3 Jaldo.<\/p>\n\n\n\n<h2 class=\"wp-block-heading\">Plan local, datos y pol\u00edticas concretas<\/h2>\n\n\n\n<p>Uno de los momentos centrales del encuentro fue la presentaci\u00f3n del&nbsp;<strong>Plan Local de Acci\u00f3n Clim\u00e1tica<\/strong>&nbsp;de la capital tucumana, que establece lineamientos para avanzar hacia una ciudad m\u00e1s sostenible.<\/p>\n\n\n\n<p>Chahla explic\u00f3 que el ingreso a la red implic\u00f3 cumplir requisitos t\u00e9cnicos vinculados a la&nbsp;<strong>medici\u00f3n de la huella de carbono y la planificaci\u00f3n ambiental.&nbsp;<\/strong>\u201cPara entrar a esta red tenemos que cumplimentar ciertos requisitos, como tener nuestra huella de carbono y contar con un Plan Local de Acci\u00f3n Clim\u00e1tica. Ese plan lo elaboramos en ocho meses gracias al gran trabajo de la Secretar\u00eda de Ambiente y de un equipo que trabaja de manera transversal con todas las \u00e1reas del municipio\u201d, se\u00f1al\u00f3.<\/p>\n\n\n\n<p>Entre las&nbsp;<strong>pol\u00edticas impulsadas<\/strong>&nbsp;se destacan la gesti\u00f3n de residuos, el compostaje, la generaci\u00f3n de energ\u00eda a partir de biog\u00e1s y programas de forestaci\u00f3n urbana.\u201cTenemos un inventario de 169.000 \u00e1rboles en la ciudad y nos propusimos plantar 10.000 m\u00e1s hasta 2027 y 40.000 hasta 2030\u201d, precis\u00f3.<\/p>\n\n\n\n<h2 class=\"wp-block-heading\">Cambio clim\u00e1tico y desigualdad: el eje social<\/h2>\n\n\n\n<p>Durante el encuentro, tambi\u00e9n se puso el foco en el impacto social de la&nbsp;<strong>crisis clim\u00e1tica<\/strong>, especialmente en los sectores m\u00e1s vulnerables.<\/p>\n\n\n\n<p>\u201cSabemos que es un desaf\u00edo mundial que impacta en toda la humanidad. Por eso trabajamos en mitigar las causas del cambio clim\u00e1tico, pero tambi\u00e9n en adaptarnos a sus consecuencias, porque los fen\u00f3menos extremos ya est\u00e1n ocurriendo\u201d, afirm\u00f3 la intendenta. En ese sentido, remarc\u00f3 el&nbsp;<strong>v\u00ednculo entre ambiente y equidad:<\/strong>&nbsp;\u201cNo hay justicia social sin justicia ambiental\u201d.<\/p>\n\n\n\n<h2 class=\"wp-block-heading\">Un desaf\u00edo que exige acuerdos y continuidad<\/h2>\n\n\n\n<p>El encuentro dej\u00f3 en evidencia la necesidad de&nbsp;<strong>sostener pol\u00edticas a largo plazo y fortalecer la articulaci\u00f3n entre municipios.<\/strong>&nbsp;\u201cEste evento no se da por casualidad ni se designa de manera caprichosa. San Miguel de Tucum\u00e1n tuvo que cumplir determinados requisitos para que esta octava asamblea se realice en nuestra provincia\u201d, subray\u00f3 Jaldo.<\/p>\n\n\n\n<p>Adem\u00e1s, el gobernador destac\u00f3 el trabajo del municipio en materia ambiental y su rol en la articulaci\u00f3n con otras ciudades. La asamblea continuar\u00e1 con nuevas mesas de trabajo, exposiciones y debates centrados en la cooperaci\u00f3n entre municipios y el fortalecimiento de las pol\u00edticas clim\u00e1ticas locales.<\/p>\n","protected":false},"excerpt":{"rendered":"<p>\u00bfQu\u00e9 hacer y qu\u00e9 no hacer para cuidar el planeta? Cambios simples y pol\u00edticas profundas basadas en datos asoman como columnas fundamentales para aliviar el da\u00f1o. Los astronautas de Artemis&hellip; <\/p>\n","protected":false},"author":8,"featured_media":254147,"comment_status":"closed","ping_status":"open","sticky":false,"template":"","format":"standard","meta":{"footnotes":""},"categories":[23],"tags":[],"class_list":["post-254146","post","type-post","status-publish","format-standard","has-post-thumbnail","hentry","category-actualidad"],"_links":{"self":[{"href":"https:\/\/corrientesdetarde.com\/index.php\/wp-json\/wp\/v2\/posts\/254146","targetHints":{"allow":["GET"]}}],"collection":[{"href":"https:\/\/corrientesdetarde.com\/index.php\/wp-json\/wp\/v2\/posts"}],"about":[{"href":"https:\/\/corrientesdetarde.com\/index.php\/wp-json\/wp\/v2\/types\/post"}],"author":[{"embeddable":true,"href":"https:\/\/corrientesdetarde.com\/index.php\/wp-json\/wp\/v2\/users\/8"}],"replies":[{"embeddable":true,"href":"https:\/\/corrientesdetarde.com\/index.php\/wp-json\/wp\/v2\/comments?post=254146"}],"version-history":[{"count":1,"href":"https:\/\/corrientesdetarde.com\/index.php\/wp-json\/wp\/v2\/posts\/254146\/revisions"}],"predecessor-version":[{"id":254148,"href":"https:\/\/corrientesdetarde.com\/index.php\/wp-json\/wp\/v2\/posts\/254146\/revisions\/254148"}],"wp:featuredmedia":[{"embeddable":true,"href":"https:\/\/corrientesdetarde.com\/index.php\/wp-json\/wp\/v2\/media\/254147"}],"wp:attachment":[{"href":"https:\/\/corrientesdetarde.com\/index.php\/wp-json\/wp\/v2\/media?parent=254146"}],"wp:term":[{"taxonomy":"category","embeddable":true,"href":"https:\/\/corrientesdetarde.com\/index.php\/wp-json\/wp\/v2\/categories?post=254146"},{"taxonomy":"post_tag","embeddable":true,"href":"https:\/\/corrientesdetarde.com\/index.php\/wp-json\/wp\/v2\/tags?post=254146"}],"curies":[{"name":"wp","href":"https:\/\/api.w.org\/{rel}","templated":true}]}}