{"id":254149,"date":"2026-04-27T10:48:45","date_gmt":"2026-04-27T13:48:45","guid":{"rendered":"https:\/\/corrientesdetarde.com\/?p=254149"},"modified":"2026-04-27T10:48:57","modified_gmt":"2026-04-27T13:48:57","slug":"la-comparsa-copacabana-eligio-a-su-madrina-de-bateria","status":"publish","type":"post","link":"https:\/\/corrientesdetarde.com\/index.php\/sociales\/la-comparsa-copacabana-eligio-a-su-madrina-de-bateria\/","title":{"rendered":"la comparsa Copacabana eligi\u00f3 a su Madrina de Bater\u00eda"},"content":{"rendered":"\n<p>Milagros Sandoval fue elegida como Madrina de Bater\u00eda de la comparsa Copacabana. En declaraciones medi\u00e1ticas dijo estar &#8220;muy emocionada y orgullosa de ser la nueva madrina de bater\u00eda de Copacabana, un sue\u00f1o que tengo desde que empec\u00e9 en los carnavales barriales. Agradezco a mi comparsa Ar\u00e1 Por\u00e1 y a mi familia, que siempre me apoyaron&#8221;.<a href=\"https:\/\/api.whatsapp.com\/send?text=Milagros%20Sandoval%20fue%20elegida%20como%20Madrina%20de%20Bater%C3%ADa%202027%20de%20Copacabana%20-%20https:\/\/www.diarioepoca.com\/1379001-milagros-sandoval-fue-elegida-como-madrina-de-bateria-2027-de-copacabana?utm_source=WhatsApp%26utm_medium=WhatsApp%26utm_campaign=WhatsApp%26utm_term=WhatsApp\" target=\"_blank\" rel=\"noreferrer noopener\"><\/a><a href=\"https:\/\/www.diarioepoca.com\/1379001-milagros-sandoval-fue-elegida-como-madrina-de-bateria-2027-de-copacabana#\"><\/a><a href=\"https:\/\/www.diarioepoca.com\/1379001-milagros-sandoval-fue-elegida-como-madrina-de-bateria-2027-de-copacabana#\"><\/a><\/p>\n\n\n\n<p>Ayer domingo 26 de abril en el anfiteatro Jos\u00e9 Hern\u00e1ndez, la comparsa Copacabana eligi\u00f3 a su Madrina de Bater\u00eda. En un contexto de alegr\u00eda y color, Milagros Sandoval fue la elegida y se destaca por surgir de una importante comparsa barrial como lo es la \u00faltima campeona Ar\u00e1 Por\u00e1.<\/p>\n\n\n\n<p>Milagros con las sensaciones a flor de piel, expres\u00f3: &#8220;Estoy muy emocionada. La verdad que no puedo creer todav\u00eda. Es un sue\u00f1o m\u00edo desde que entr\u00e9 en los barriales&#8221;.<\/p>\n\n\n\n<p>&#8220;La &#8220;Mili&#8221; chiquita todav\u00eda no puede creer d\u00f3nde lleg\u00f3, y es algo a lo que trabaj\u00e9 mucho, muchos a\u00f1os, y no puedo creerlo todav\u00eda&#8221;, remarc\u00f3 tras la elecci\u00f3n.<\/p>\n\n\n\n<p>Sobre qu\u00e9 le significa estar en una de las legendarias comparsas de los Carnavales oficiales, sostuvo: &#8220;Es un orgullo, es un mont\u00f3n la carga que tengo de representar lo que es la Bater\u00eda. Yo ya estuve en Copacabana en la edici\u00f3n 2022, lo viv\u00ed, me encanta Copa, y estoy sin palabras porque todav\u00eda no puedo creer el lugar en donde estoy&#8221;.<\/p>\n\n\n\n<p>En Corrientes el Carnaval nunca para y as\u00ed lo destac\u00f3 Milagros, &#8220;siempre estar\u00e9 agradecida con mi comparsa Ar\u00e1 Por\u00e1, que fue la que me dio lugar para que yo pueda llegar donde estoy. Sin ellos no me hubieran dado esta ayuda para poder mostrar lo que soy, lo que siento. Eso fue el principio de todo, fue ese caminito que tuve que ir armando para llegar donde estoy&#8221;. En 2026, Milagros brill\u00f3 en Ara Por\u00e1, consagr\u00e1ndose como Mejor Bastonera.<\/p>\n\n\n\n<p>&#8220;Obviamente, voy a tener que seguir trabajando mucho, mejorar muchas cosas, pero ya estoy ac\u00e1 y voy a dar todo&#8221;, anticip\u00f3 con entusiasmo.<\/p>\n\n\n\n<h2 class=\"wp-block-heading\">Desde peque\u00f1a el amor por los carnavales<\/h2>\n\n\n\n<p>Milagros confes\u00f3 que lleva el carnaval en la sangre, &#8220;yo entro desde que tengo un a\u00f1ito. Comenc\u00e9 en el barrial, despu\u00e9s fui al oficial, volv\u00ed al barrial y ahora volv\u00ed al oficial. Siempre estoy ligada al carnaval&#8221;.<\/p>\n\n\n\n<figure class=\"wp-block-image size-full\"><img loading=\"lazy\" decoding=\"async\" width=\"850\" height=\"567\" src=\"https:\/\/corrientesdetarde.com\/wp-content\/uploads\/2026\/04\/image-570.png\" alt=\"\" class=\"wp-image-254150\" srcset=\"https:\/\/corrientesdetarde.com\/wp-content\/uploads\/2026\/04\/image-570.png 850w, https:\/\/corrientesdetarde.com\/wp-content\/uploads\/2026\/04\/image-570-300x200.png 300w, https:\/\/corrientesdetarde.com\/wp-content\/uploads\/2026\/04\/image-570-768x512.png 768w\" sizes=\"auto, (max-width: 850px) 100vw, 850px\" \/><\/figure>\n","protected":false},"excerpt":{"rendered":"<p>Milagros Sandoval fue elegida como Madrina de Bater\u00eda de la comparsa Copacabana. En declaraciones medi\u00e1ticas dijo estar &#8220;muy emocionada y orgullosa de ser la nueva madrina de bater\u00eda de Copacabana,&hellip; <\/p>\n","protected":false},"author":8,"featured_media":254151,"comment_status":"closed","ping_status":"open","sticky":false,"template":"","format":"standard","meta":{"footnotes":""},"categories":[17],"tags":[],"class_list":["post-254149","post","type-post","status-publish","format-standard","has-post-thumbnail","hentry","category-sociales"],"_links":{"self":[{"href":"https:\/\/corrientesdetarde.com\/index.php\/wp-json\/wp\/v2\/posts\/254149","targetHints":{"allow":["GET"]}}],"collection":[{"href":"https:\/\/corrientesdetarde.com\/index.php\/wp-json\/wp\/v2\/posts"}],"about":[{"href":"https:\/\/corrientesdetarde.com\/index.php\/wp-json\/wp\/v2\/types\/post"}],"author":[{"embeddable":true,"href":"https:\/\/corrientesdetarde.com\/index.php\/wp-json\/wp\/v2\/users\/8"}],"replies":[{"embeddable":true,"href":"https:\/\/corrientesdetarde.com\/index.php\/wp-json\/wp\/v2\/comments?post=254149"}],"version-history":[{"count":1,"href":"https:\/\/corrientesdetarde.com\/index.php\/wp-json\/wp\/v2\/posts\/254149\/revisions"}],"predecessor-version":[{"id":254153,"href":"https:\/\/corrientesdetarde.com\/index.php\/wp-json\/wp\/v2\/posts\/254149\/revisions\/254153"}],"wp:featuredmedia":[{"embeddable":true,"href":"https:\/\/corrientesdetarde.com\/index.php\/wp-json\/wp\/v2\/media\/254151"}],"wp:attachment":[{"href":"https:\/\/corrientesdetarde.com\/index.php\/wp-json\/wp\/v2\/media?parent=254149"}],"wp:term":[{"taxonomy":"category","embeddable":true,"href":"https:\/\/corrientesdetarde.com\/index.php\/wp-json\/wp\/v2\/categories?post=254149"},{"taxonomy":"post_tag","embeddable":true,"href":"https:\/\/corrientesdetarde.com\/index.php\/wp-json\/wp\/v2\/tags?post=254149"}],"curies":[{"name":"wp","href":"https:\/\/api.w.org\/{rel}","templated":true}]}}