{"id":254154,"date":"2026-04-27T10:52:11","date_gmt":"2026-04-27T13:52:11","guid":{"rendered":"https:\/\/corrientesdetarde.com\/?p=254154"},"modified":"2026-04-27T10:52:23","modified_gmt":"2026-04-27T13:52:23","slug":"cierre-de-12-tesoros-regionales-y-riesgo-laboral-para-32-familias","status":"publish","type":"post","link":"https:\/\/corrientesdetarde.com\/index.php\/economia\/cierre-de-12-tesoros-regionales-y-riesgo-laboral-para-32-familias\/","title":{"rendered":"Cierre de 12 tesoros regionales y riesgo laboral para 32 familias"},"content":{"rendered":"\n<p>La situaci\u00f3n se discuti\u00f3 sin acuerdo en el Ministerio de Trabajo. Crece la incertidumbre entre los trabajadores afectados.<a href=\"https:\/\/api.whatsapp.com\/send?text=Cierre%20de%2012%20tesoros%20regionales%20y%20riesgo%20laboral%20para%2032%20familias%20-%20https:\/\/www.diarioepoca.com\/1379002-cierre-de-12-tesoros-regionales-y-riesgo-laboral-para-32-familias?utm_source=WhatsApp%26utm_medium=WhatsApp%26utm_campaign=WhatsApp%26utm_term=WhatsApp\" target=\"_blank\" rel=\"noreferrer noopener\"><\/a><a href=\"https:\/\/www.diarioepoca.com\/1379002-cierre-de-12-tesoros-regionales-y-riesgo-laboral-para-32-familias#\"><\/a><a href=\"https:\/\/www.diarioepoca.com\/1379002-cierre-de-12-tesoros-regionales-y-riesgo-laboral-para-32-familias#\"><\/a><\/p>\n\n\n\n<p>El cierre de 12 tesoros regionales en el interior del pa\u00eds, anunciado en los \u00faltimos d\u00edas, impacta de forma directa en al menos 32 trabajadores que podr\u00edan perder su empleo, tras una audiencia realizada el viernes en el Ministerio de Trabajo donde no se registraron avances. La medida alcanza a distintas localidades y ya presenta consecuencias concretas, con retiro de fondos y restricciones de ingreso al personal en varios de esos organismos.<\/p>\n\n\n\n<p>Seg\u00fan Juan Lezcano, titular de Bancaria Corrientes, en varios tesoros regionales ya se retir\u00f3 el dinero y parte de los empleados no cuenta con autorizaci\u00f3n para ingresar a sus lugares de trabajo. Esa situaci\u00f3n deja a los trabajadores en una especie de pausa laboral, sin tareas asignadas y a la espera de definiciones sobre su continuidad.<\/p>\n\n\n\n<p>&#8220;Hay un anuncio del cierre de 12 tesoros regionales en el interior del pa\u00eds&#8221;, remarc\u00f3 en di\u00e1logo con Silvio Schivalochi, de diario \u00c9poca. En esa l\u00ednea, tambi\u00e9n destac\u00f3 que &#8220;la \u00faltima audiencia se hizo el viernes en el Ministerio de Trabajo, pero lamentablemente no se pudo avanzar&#8221;.<\/p>\n\n\n\n<p>El impacto social aparece entrelazado a las fuentes de empleo. &#8220;Hay 32 familias que posiblemente puedan perder su trabajo por el cierre del Tesoro Regional&#8221;, se se\u00f1al\u00f3 sobre la dimensi\u00f3n del problema en una de las localidades afectadas.<\/p>\n\n\n\n<p>Respecto del estado actual, precis\u00f3 que &#8220;en la mayor\u00eda de estos tesoros regionales ya se ha retirado el dinero&#8221;. A esto se suma la situaci\u00f3n del personal, ya que &#8220;los compa\u00f1eros hoy no est\u00e1n autorizados a ir a trabajar y est\u00e1n como off&#8221;.<\/p>\n","protected":false},"excerpt":{"rendered":"<p>La situaci\u00f3n se discuti\u00f3 sin acuerdo en el Ministerio de Trabajo. Crece la incertidumbre entre los trabajadores afectados. El cierre de 12 tesoros regionales en el interior del pa\u00eds, anunciado&hellip; <\/p>\n","protected":false},"author":8,"featured_media":254155,"comment_status":"closed","ping_status":"open","sticky":false,"template":"","format":"standard","meta":{"footnotes":""},"categories":[20],"tags":[],"class_list":["post-254154","post","type-post","status-publish","format-standard","has-post-thumbnail","hentry","category-economia"],"_links":{"self":[{"href":"https:\/\/corrientesdetarde.com\/index.php\/wp-json\/wp\/v2\/posts\/254154","targetHints":{"allow":["GET"]}}],"collection":[{"href":"https:\/\/corrientesdetarde.com\/index.php\/wp-json\/wp\/v2\/posts"}],"about":[{"href":"https:\/\/corrientesdetarde.com\/index.php\/wp-json\/wp\/v2\/types\/post"}],"author":[{"embeddable":true,"href":"https:\/\/corrientesdetarde.com\/index.php\/wp-json\/wp\/v2\/users\/8"}],"replies":[{"embeddable":true,"href":"https:\/\/corrientesdetarde.com\/index.php\/wp-json\/wp\/v2\/comments?post=254154"}],"version-history":[{"count":1,"href":"https:\/\/corrientesdetarde.com\/index.php\/wp-json\/wp\/v2\/posts\/254154\/revisions"}],"predecessor-version":[{"id":254156,"href":"https:\/\/corrientesdetarde.com\/index.php\/wp-json\/wp\/v2\/posts\/254154\/revisions\/254156"}],"wp:featuredmedia":[{"embeddable":true,"href":"https:\/\/corrientesdetarde.com\/index.php\/wp-json\/wp\/v2\/media\/254155"}],"wp:attachment":[{"href":"https:\/\/corrientesdetarde.com\/index.php\/wp-json\/wp\/v2\/media?parent=254154"}],"wp:term":[{"taxonomy":"category","embeddable":true,"href":"https:\/\/corrientesdetarde.com\/index.php\/wp-json\/wp\/v2\/categories?post=254154"},{"taxonomy":"post_tag","embeddable":true,"href":"https:\/\/corrientesdetarde.com\/index.php\/wp-json\/wp\/v2\/tags?post=254154"}],"curies":[{"name":"wp","href":"https:\/\/api.w.org\/{rel}","templated":true}]}}