{"id":254157,"date":"2026-04-27T11:00:09","date_gmt":"2026-04-27T14:00:09","guid":{"rendered":"https:\/\/corrientesdetarde.com\/?p=254157"},"modified":"2026-04-27T11:00:17","modified_gmt":"2026-04-27T14:00:17","slug":"se-confirmo-la-lesion-de-kylian-mbappe-a-45-dias-del-comienzo-del-mundial-2026","status":"publish","type":"post","link":"https:\/\/corrientesdetarde.com\/index.php\/deportes\/se-confirmo-la-lesion-de-kylian-mbappe-a-45-dias-del-comienzo-del-mundial-2026\/","title":{"rendered":"Se confirm\u00f3 la lesi\u00f3n de Kylian Mbapp\u00e9 a 45 d\u00edas del comienzo del Mundial 2026"},"content":{"rendered":"\n<p>El delantero franc\u00e9s fue sustituido en el partido del Real Madrid ante el Betis por La Liga.<\/p>\n\n\n\n<p>A tan solo 45 d\u00edas del comienzo del\u00a0<strong>Mundial 2026<\/strong>, la preocupaci\u00f3n crece en la selecci\u00f3n de Francia tras\u00a0<strong>confirmarse la lesi\u00f3n de su m\u00e1xima estrella, Kylian Mbapp\u00e9<\/strong>. El delantero del Real Madrid fue reemplazado en el \u00faltimo partido de la liga espa\u00f1ola ante el Betis y\u00a0<strong>el club ya dio a conocer qu\u00e9 tiene.<\/strong><\/p>\n\n\n\n<p><strong>\u201cSe le ha diagnosticado una lesi\u00f3n en el m\u00fasculo semitendinoso de la pierna izquierda\u201d<\/strong>, anunci\u00f3 el club espa\u00f1ol en un comunicado oficial en sus p\u00e1ginas oficiales. A\u00fan no se conoce cu\u00e1nto estar\u00e1 fuera de las canchas,&nbsp;<strong>pero es posible que no juegue m\u00e1s hasta la cita mundialista.<\/strong><\/p>\n\n\n\n<figure class=\"wp-block-image\"><img decoding=\"async\" src=\"https:\/\/tn.com.ar\/resizer\/v2\/mbappe-se-lesiono-a-dias-del-mundial-2026-foto-efe-2PLX6KKBZFEBDBPP2RNFMKYAZQ.jfif?auth=a0c849b04dec5bfc0e91802b4d7d0de4b33a77f9f1e899bcac0f5091bd822e49&amp;width=767\" alt=\"Mbapp\u00e9 se lesion\u00f3 a d\u00edas del Mundial 2026 (Foto: EFE)\"\/><\/figure>\n\n\n\n<p>Adem\u00e1s, desde el Merengue anunciaron que&nbsp;<strong>el jugador \u201cest\u00e1 pendiente de evoluci\u00f3n\u201d<\/strong>&nbsp;y que ir\u00e1n monitoreando la situaci\u00f3n de la estrella de Francia, que jugar\u00e1 su tercer Mundial.<\/p>\n\n\n\n<p>La lesi\u00f3n y la preocupaci\u00f3n de Didier Deschamps por Mbapp\u00e9 se suma a&nbsp;<strong>varias lesiones de gravedad y p\u00e9rdidas de figuras de distintas selecciones a pocos d\u00edas del comienzo<\/strong>&nbsp;del torneo en Estados Unidos, M\u00e9xico y Canad\u00e1.<\/p>\n\n\n\n<figure class=\"wp-block-image\"><img decoding=\"async\" src=\"https:\/\/tn.com.ar\/resizer\/v2\/el-parte-medico-del-real-madrid-confirmando-la-lesion-de-mbappe-foto-real-madrid-SJGX2CF5TRCFZMHHHBTLBQ6BIU.PNG?auth=61021929cefd265d784fb2ac6c20eccc2ff5634ff2ba5a07eb54f602af59c2ce&amp;width=767\" alt=\"El parte m\u00e9dico del Real Madrid confirmando la lesi\u00f3n de Mbapp\u00e9 (Foto: Real Madrid)\"\/><\/figure>\n\n\n\n<p><strong>Otro futbolista que se perder\u00e1 el Mundial 2026 y juega en el Real Madrid es \u00c9der Militao<\/strong>, defensor central de 28 a\u00f1os, que tendr\u00e1 que volver a operarse de una lesi\u00f3n y ser\u00e1 baja por cinco meses.<\/p>\n\n\n\n<h2 class=\"wp-block-heading\">Una de las figuras de la Selecci\u00f3n de Pa\u00edses Bajos sufri\u00f3 una dura lesi\u00f3n y se perder\u00e1 el Mundial 2026<\/h2>\n\n\n\n<p>A pocos d\u00edas del comienzo del\u00a0<strong>Mundial 2026<\/strong>\u00a0que se celebrar\u00e1 en Estados Unidos, M\u00e9xico y Canad\u00e1, otra de las selecciones participantes sufre una baja importante:\u00a0<strong>Pa\u00edses Bajos perder\u00e1 a Xavi Simons, una de sus figuras.<\/strong><\/p>\n\n\n\n<p>El periodista Fabrizio Romano confirm\u00f3 que&nbsp;<strong>Simons no volver\u00e1 a jugar hasta 2027 por una rotura del ligamento cruzado anterior<\/strong>&nbsp;y se pierde la posibilidad de jugar su segundo mundial con la selecci\u00f3n europea.<\/p>\n\n\n\n<figure class=\"wp-block-image\"><img decoding=\"async\" src=\"https:\/\/tn.com.ar\/resizer\/v2\/el-momento-de-la-lesion-de-simons-en-tottenham-foto-ap-5NUB7PKRPNCV3F6LGEIR6S2H3Q.jfif?auth=5ac2c2233f76fee3911906e14abd7699d5de77b799db88679297fca7a823e61e&amp;width=767\" alt=\"El momento de la lesi\u00f3n de Simons en Tottenham (Foto: AP)\"\/><\/figure>\n\n\n\n<p>El volante es compa\u00f1ero del Cuti Romero en Tottenham y<strong>&nbsp;se retir\u00f3 lesionado&nbsp;<\/strong>el s\u00e1bado en el duelo ante el Wolverhampton por la Premier League.<\/p>\n","protected":false},"excerpt":{"rendered":"<p>El delantero franc\u00e9s fue sustituido en el partido del Real Madrid ante el Betis por La Liga. A tan solo 45 d\u00edas del comienzo del\u00a0Mundial 2026, la preocupaci\u00f3n crece en&hellip; <\/p>\n","protected":false},"author":8,"featured_media":254158,"comment_status":"closed","ping_status":"open","sticky":false,"template":"","format":"standard","meta":{"footnotes":""},"categories":[4],"tags":[],"class_list":["post-254157","post","type-post","status-publish","format-standard","has-post-thumbnail","hentry","category-deportes"],"_links":{"self":[{"href":"https:\/\/corrientesdetarde.com\/index.php\/wp-json\/wp\/v2\/posts\/254157","targetHints":{"allow":["GET"]}}],"collection":[{"href":"https:\/\/corrientesdetarde.com\/index.php\/wp-json\/wp\/v2\/posts"}],"about":[{"href":"https:\/\/corrientesdetarde.com\/index.php\/wp-json\/wp\/v2\/types\/post"}],"author":[{"embeddable":true,"href":"https:\/\/corrientesdetarde.com\/index.php\/wp-json\/wp\/v2\/users\/8"}],"replies":[{"embeddable":true,"href":"https:\/\/corrientesdetarde.com\/index.php\/wp-json\/wp\/v2\/comments?post=254157"}],"version-history":[{"count":1,"href":"https:\/\/corrientesdetarde.com\/index.php\/wp-json\/wp\/v2\/posts\/254157\/revisions"}],"predecessor-version":[{"id":254159,"href":"https:\/\/corrientesdetarde.com\/index.php\/wp-json\/wp\/v2\/posts\/254157\/revisions\/254159"}],"wp:featuredmedia":[{"embeddable":true,"href":"https:\/\/corrientesdetarde.com\/index.php\/wp-json\/wp\/v2\/media\/254158"}],"wp:attachment":[{"href":"https:\/\/corrientesdetarde.com\/index.php\/wp-json\/wp\/v2\/media?parent=254157"}],"wp:term":[{"taxonomy":"category","embeddable":true,"href":"https:\/\/corrientesdetarde.com\/index.php\/wp-json\/wp\/v2\/categories?post=254157"},{"taxonomy":"post_tag","embeddable":true,"href":"https:\/\/corrientesdetarde.com\/index.php\/wp-json\/wp\/v2\/tags?post=254157"}],"curies":[{"name":"wp","href":"https:\/\/api.w.org\/{rel}","templated":true}]}}