{"id":254163,"date":"2026-04-27T11:30:12","date_gmt":"2026-04-27T14:30:12","guid":{"rendered":"https:\/\/corrientesdetarde.com\/?p=254163"},"modified":"2026-04-27T11:30:17","modified_gmt":"2026-04-27T14:30:17","slug":"apertura-2026-velez-recibe-a-union-y-huracan-a-argentinos","status":"publish","type":"post","link":"https:\/\/corrientesdetarde.com\/index.php\/deportes\/apertura-2026-velez-recibe-a-union-y-huracan-a-argentinos\/","title":{"rendered":"APERTURA 2026: VELEZ RECIBE A UNI\u00d3N Y HURAC\u00c1N A ARGENTINOS"},"content":{"rendered":"\n<p>(Nicolas Reif) &#8211; El fort\u00edn busca volver a la cima de su zona. El globo asegurar su clasificaci\u00f3n a octavos.La fecha n\u00famero diecis\u00e9is del Apertura 2026 de la Liga Profesional del f\u00fatbol argentino de primera divisi\u00f3n finalizar\u00e1 este lunes con dos encuentros.<br>En primer turno, desde las 18.45, por TNT Sports, V\u00e9lez ser\u00e1 anfitri\u00f3n de Uni\u00f3n en el Jos\u00e9 Amalfitani. El equipo dirigido por Guillermo Barros Schelotto ir\u00e1 por una victoria que lo devuelva a la cima de la zona A ante un tatengue que intentar\u00e1 cortar una racha de dos derrotas en fila.<br>Posteriormente, a las 21 horas, por ESPN Premium, Hurac\u00e1n y Argentinos Juniors se medir\u00e1n en Parque Patricios. El globo, que no cae desde la fecha diez ante River, tratar\u00e1 de extender su buena actualidad ante un rival siempre dif\u00edcil.<\/p>\n\n\n\n<p><\/p>\n","protected":false},"excerpt":{"rendered":"<p>(Nicolas Reif) &#8211; El fort\u00edn busca volver a la cima de su zona. El globo asegurar su clasificaci\u00f3n a octavos.La fecha n\u00famero diecis\u00e9is del Apertura 2026 de la Liga Profesional&hellip; <\/p>\n","protected":false},"author":11,"featured_media":193053,"comment_status":"closed","ping_status":"open","sticky":false,"template":"","format":"standard","meta":{"footnotes":""},"categories":[4],"tags":[],"class_list":["post-254163","post","type-post","status-publish","format-standard","has-post-thumbnail","hentry","category-deportes"],"_links":{"self":[{"href":"https:\/\/corrientesdetarde.com\/index.php\/wp-json\/wp\/v2\/posts\/254163","targetHints":{"allow":["GET"]}}],"collection":[{"href":"https:\/\/corrientesdetarde.com\/index.php\/wp-json\/wp\/v2\/posts"}],"about":[{"href":"https:\/\/corrientesdetarde.com\/index.php\/wp-json\/wp\/v2\/types\/post"}],"author":[{"embeddable":true,"href":"https:\/\/corrientesdetarde.com\/index.php\/wp-json\/wp\/v2\/users\/11"}],"replies":[{"embeddable":true,"href":"https:\/\/corrientesdetarde.com\/index.php\/wp-json\/wp\/v2\/comments?post=254163"}],"version-history":[{"count":1,"href":"https:\/\/corrientesdetarde.com\/index.php\/wp-json\/wp\/v2\/posts\/254163\/revisions"}],"predecessor-version":[{"id":254164,"href":"https:\/\/corrientesdetarde.com\/index.php\/wp-json\/wp\/v2\/posts\/254163\/revisions\/254164"}],"wp:featuredmedia":[{"embeddable":true,"href":"https:\/\/corrientesdetarde.com\/index.php\/wp-json\/wp\/v2\/media\/193053"}],"wp:attachment":[{"href":"https:\/\/corrientesdetarde.com\/index.php\/wp-json\/wp\/v2\/media?parent=254163"}],"wp:term":[{"taxonomy":"category","embeddable":true,"href":"https:\/\/corrientesdetarde.com\/index.php\/wp-json\/wp\/v2\/categories?post=254163"},{"taxonomy":"post_tag","embeddable":true,"href":"https:\/\/corrientesdetarde.com\/index.php\/wp-json\/wp\/v2\/tags?post=254163"}],"curies":[{"name":"wp","href":"https:\/\/api.w.org\/{rel}","templated":true}]}}