{"id":254168,"date":"2026-04-27T11:46:00","date_gmt":"2026-04-27T14:46:00","guid":{"rendered":"https:\/\/corrientesdetarde.com\/?p=254168"},"modified":"2026-04-27T11:46:07","modified_gmt":"2026-04-27T14:46:07","slug":"el-pediatrico-de-goya-realizo-mas-de-8-800-atenciones-en-lo-que-va-del-ano","status":"publish","type":"post","link":"https:\/\/corrientesdetarde.com\/index.php\/bienestar-y-salud\/el-pediatrico-de-goya-realizo-mas-de-8-800-atenciones-en-lo-que-va-del-ano\/","title":{"rendered":"El Pedi\u00e1trico de Goya realiz\u00f3 m\u00e1s de 8.800 atenciones en lo que va del a\u00f1o"},"content":{"rendered":"\n<p>El hospital cuenta con 15 servicios. Los m\u00e1s solicitados son otorrinolaringolog\u00eda, psicolog\u00eda y fonoaudiolog\u00eda.<a href=\"https:\/\/api.whatsapp.com\/send?text=El%20Pedi%C3%A1trico%20de%20Goya%20realiz%C3%B3%20m%C3%A1s%20de%208.800%20atenciones%20en%20lo%20que%20va%20del%20a%C3%B1o%20-%20https:\/\/www.republicadecorrientes.com\/71735-el-pediatrico-de-goya-realizo-mas-de-8800-atenciones-en-lo-que-va-del-ano?utm_source=WhatsApp%26utm_medium=WhatsApp%26utm_campaign=WhatsApp%26utm_term=WhatsApp\" target=\"_blank\" rel=\"noreferrer noopener\"><\/a><a href=\"https:\/\/www.republicadecorrientes.com\/71735-el-pediatrico-de-goya-realizo-mas-de-8800-atenciones-en-lo-que-va-del-ano#\"><\/a><a href=\"https:\/\/www.republicadecorrientes.com\/71735-el-pediatrico-de-goya-realizo-mas-de-8800-atenciones-en-lo-que-va-del-ano#\"><\/a><\/p>\n\n\n\n<p>El Hospital Pedi\u00e1trico \u00c1ngel de la Guarda, de Goya, que depende del Ministerio de Salud P\u00fablica, realiz\u00f3 m\u00e1s de 8.800 atenciones en los primeros meses de este a\u00f1o. Entre los servicios m\u00e1s requeridos se encuentran fonoaudiolog\u00eda y psicolog\u00eda pedi\u00e1trica. Tambi\u00e9n precisaron que hubo, hasta la segunda semana de abril inclusive, cerca de 600 internaciones.&nbsp;<\/p>\n\n\n\n<p>La directora del hospital, Valeria Agostina Heine, indic\u00f3 que, desde enero hasta el viernes 17 de abril, &#8220;se registraron 8.874 atenciones&#8221; en el centro de salud. El hospital cuenta con m\u00e1s de quince servicios y, entre estos, se encuentra psicolog\u00eda pedi\u00e1trica, que tuvo 393 consultas.&nbsp;<\/p>\n\n\n\n<p>Otras de las \u00e1reas con n\u00famero similar fue fonoaudiolog\u00eda, con 368 pacientes atendidos. En otorrinolaringolog\u00eda pedi\u00e1trica fueron 278. Adem\u00e1s, en cardiolog\u00eda \u2013electrocardiograma-, 181, y en neumonolog\u00eda, 62.&nbsp;<\/p>\n\n\n\n<p>Tambi\u00e9n recibieron pacientes en psicopedagog\u00eda, quemados, ecograf\u00eda, salud mental, nutrici\u00f3n, medicina general, emergencia y cirug\u00eda general, entre otras.&nbsp;<\/p>\n\n\n\n<p>El hospital fue inaugurado en agosto de 2025 por el Gobierno provincial.&nbsp;<\/p>\n\n\n\n<p>La instituci\u00f3n fue consolidada como un proyecto clave para fortalecer la infraestructura de atenci\u00f3n m\u00e9dica infantil en la regi\u00f3n.<\/p>\n\n\n\n<p>El edificio del \u00c1ngel de la Guarda abarca un total de 1.700 metros cuadrados, distribuidos en dos plantas.<\/p>\n","protected":false},"excerpt":{"rendered":"<p>El hospital cuenta con 15 servicios. Los m\u00e1s solicitados son otorrinolaringolog\u00eda, psicolog\u00eda y fonoaudiolog\u00eda. El Hospital Pedi\u00e1trico \u00c1ngel de la Guarda, de Goya, que depende del Ministerio de Salud P\u00fablica,&hellip; <\/p>\n","protected":false},"author":8,"featured_media":254169,"comment_status":"closed","ping_status":"open","sticky":false,"template":"","format":"standard","meta":{"footnotes":""},"categories":[16],"tags":[],"class_list":["post-254168","post","type-post","status-publish","format-standard","has-post-thumbnail","hentry","category-bienestar-y-salud"],"_links":{"self":[{"href":"https:\/\/corrientesdetarde.com\/index.php\/wp-json\/wp\/v2\/posts\/254168","targetHints":{"allow":["GET"]}}],"collection":[{"href":"https:\/\/corrientesdetarde.com\/index.php\/wp-json\/wp\/v2\/posts"}],"about":[{"href":"https:\/\/corrientesdetarde.com\/index.php\/wp-json\/wp\/v2\/types\/post"}],"author":[{"embeddable":true,"href":"https:\/\/corrientesdetarde.com\/index.php\/wp-json\/wp\/v2\/users\/8"}],"replies":[{"embeddable":true,"href":"https:\/\/corrientesdetarde.com\/index.php\/wp-json\/wp\/v2\/comments?post=254168"}],"version-history":[{"count":1,"href":"https:\/\/corrientesdetarde.com\/index.php\/wp-json\/wp\/v2\/posts\/254168\/revisions"}],"predecessor-version":[{"id":254170,"href":"https:\/\/corrientesdetarde.com\/index.php\/wp-json\/wp\/v2\/posts\/254168\/revisions\/254170"}],"wp:featuredmedia":[{"embeddable":true,"href":"https:\/\/corrientesdetarde.com\/index.php\/wp-json\/wp\/v2\/media\/254169"}],"wp:attachment":[{"href":"https:\/\/corrientesdetarde.com\/index.php\/wp-json\/wp\/v2\/media?parent=254168"}],"wp:term":[{"taxonomy":"category","embeddable":true,"href":"https:\/\/corrientesdetarde.com\/index.php\/wp-json\/wp\/v2\/categories?post=254168"},{"taxonomy":"post_tag","embeddable":true,"href":"https:\/\/corrientesdetarde.com\/index.php\/wp-json\/wp\/v2\/tags?post=254168"}],"curies":[{"name":"wp","href":"https:\/\/api.w.org\/{rel}","templated":true}]}}