{"id":254171,"date":"2026-04-27T12:02:49","date_gmt":"2026-04-27T15:02:49","guid":{"rendered":"https:\/\/corrientesdetarde.com\/?p=254171"},"modified":"2026-04-27T12:03:14","modified_gmt":"2026-04-27T15:03:14","slug":"reconocido-neurologo-elogio-y-respaldo-la-produccion-de-cannabis-medicinal-en-corrientes","status":"publish","type":"post","link":"https:\/\/corrientesdetarde.com\/index.php\/destacados\/reconocido-neurologo-elogio-y-respaldo-la-produccion-de-cannabis-medicinal-en-corrientes\/","title":{"rendered":"Reconocido neur\u00f3logo elogi\u00f3 y respald\u00f3 la producci\u00f3n de cannabis medicinal en Corrientes"},"content":{"rendered":"\n<p>El m\u00e9dico&nbsp;y director del Instituto de Neurolog\u00eda Buenos Aires (INBA), Dr. Alejandro Andersson, fue uno de los presentes en el hist\u00f3rico anuncio dado a conocer por el gobernador Juan Pablo Vald\u00e9s al oficializar la comercializaci\u00f3n del aceite de cannabis medicinal en farmacias, marcando una nueva etapa en el desarrollo del programa Ca\u00e1 Cannabis.<\/p>\n\n\n\n<p>Andersson otorg\u00f3 un fuerte respaldo a la pol\u00edtica de la Provincia en esta materia y se mostr\u00f3 impresionado durante su visita a las instalaciones del Centro Tecnol\u00f3gico para la Producci\u00f3n, CETEPRO y elogi\u00f3 la forma de trabajo por medio de la cual se realiza de manera integral la fabricaci\u00f3n del producto, bajo un sistema de gesti\u00f3n de calidad certificado por la norma ISO 9001:2015.<\/p>\n\n\n\n<p>Andersson dijo al respecto: \u201cMe encant\u00f3 y qued\u00e9 muy conforme con todo lo que me mostraron y los vi trabajar much\u00edsimo\u201d.<\/p>\n\n\n\n<p>A su vez, ponder\u00f3 la f\u00f3rmula que tiene el producto fabricado en Corrientes, ya que sigue la l\u00ednea de los Quimiotipos 3 que son los aceites ricos en CBD, Full Spectrum, que sirven para epilepsia refractaria y otras patolog\u00edas y tiene una potencia antinflamatoria y analg\u00e9sica efectiva.<\/p>\n\n\n\n<p>Andersson subray\u00f3 las bondades del cannabis medicinal como el que hoy se fabrica en Corrientes, ya que muchos pacientes no suelen encontrar una soluci\u00f3n completa con las alternativas terap\u00e9uticas cl\u00e1sicas. \u201cAlguien que padece una epilepsia refractaria y que ha mejorado con la medicina tradicional, pero a\u00fan tiene problemas o bien sufre alg\u00fan tipo de dolor, cuando no se logra un control completo, en muchas ocasiones agregar la terapia cann\u00e1bica con determinadas f\u00f3rmulas mejora la calidad de vida de los pacientes\u201d, se\u00f1al\u00f3.<\/p>\n\n\n\n<p>Al proseguir con sus explicaciones, afirm\u00f3 que en el mundo del cannabis medicinal el tipo de f\u00f3rmulas que se usan la mayor parte son bajas en THC, que poseen restos de los cannabinoides y al referirse a la planta propiamente dicha del cannabis medicinal, coment\u00f3 que la misma tiene 560 sustancias qu\u00edmicas distintas y el THC es una sola. \u201cTenemos el cannabidiol (CBD) que se autoriz\u00f3 en el 2018 por parte de la FDA Administraci\u00f3n de Alimentos y Medicamentos de los Estados Unidos (FDA) para epilepsia refractaria\u201d, especific\u00f3 y precis\u00f3 que el mismo \u201cno tiene efectos psicoactivos y no genera adicci\u00f3n, es un producto al d\u00eda de hoy ya desarrollado en su camino terap\u00e9utico y m\u00e9dico\u201d, a lo que agreg\u00f3: \u201ctenemos cientos de cannabinoides que se est\u00e1n empezando a usar para otras patolog\u00edas\u201d.<\/p>\n\n\n\n<p>Cabe destacarse que Corrientes dio un paso clave en su pol\u00edtica sanitaria y productiva al oficializar la comercializaci\u00f3n del aceite de cannabis medicinal en farmacias.<\/p>\n\n\n\n<p>As\u00ed, el medicamento dejar\u00e1 de ser exclusivo del \u00e1mbito hospitalario y estar\u00e1 disponible para la poblaci\u00f3n general a partir de mayo, ampliando el acceso a pacientes que no est\u00e1n dentro del sistema p\u00fablico.<\/p>\n\n\n\n<figure class=\"wp-block-image size-large\"><img loading=\"lazy\" decoding=\"async\" width=\"1024\" height=\"682\" src=\"https:\/\/corrientesdetarde.com\/wp-content\/uploads\/2026\/04\/image-578-1024x682.png\" alt=\"\" class=\"wp-image-254173\" srcset=\"https:\/\/corrientesdetarde.com\/wp-content\/uploads\/2026\/04\/image-578-1024x682.png 1024w, https:\/\/corrientesdetarde.com\/wp-content\/uploads\/2026\/04\/image-578-300x200.png 300w, https:\/\/corrientesdetarde.com\/wp-content\/uploads\/2026\/04\/image-578-768x512.png 768w, https:\/\/corrientesdetarde.com\/wp-content\/uploads\/2026\/04\/image-578.png 1280w\" sizes=\"auto, (max-width: 1024px) 100vw, 1024px\" \/><\/figure>\n\n\n\n<figure class=\"wp-block-image size-large\"><img loading=\"lazy\" decoding=\"async\" width=\"1024\" height=\"683\" src=\"https:\/\/corrientesdetarde.com\/wp-content\/uploads\/2026\/04\/image-579-1024x683.png\" alt=\"\" class=\"wp-image-254174\" srcset=\"https:\/\/corrientesdetarde.com\/wp-content\/uploads\/2026\/04\/image-579-1024x683.png 1024w, https:\/\/corrientesdetarde.com\/wp-content\/uploads\/2026\/04\/image-579-300x200.png 300w, https:\/\/corrientesdetarde.com\/wp-content\/uploads\/2026\/04\/image-579-768x512.png 768w, https:\/\/corrientesdetarde.com\/wp-content\/uploads\/2026\/04\/image-579-1536x1024.png 1536w, https:\/\/corrientesdetarde.com\/wp-content\/uploads\/2026\/04\/image-579.png 1560w\" sizes=\"auto, (max-width: 1024px) 100vw, 1024px\" \/><\/figure>\n\n\n\n<figure class=\"wp-block-embed is-type-video is-provider-youtube wp-block-embed-youtube wp-embed-aspect-16-9 wp-has-aspect-ratio\"><div class=\"wp-block-embed__wrapper\">\n<iframe loading=\"lazy\" title=\"CAA CANNABIS: ALEJANDRO ANDERSON, VALOR\u00d3 EL POTENCIAL DEL ACEITE &quot;FULL SPECTRUM&quot; RICO EN CBD\" width=\"1110\" height=\"624\" src=\"https:\/\/www.youtube.com\/embed\/5fbrJ1p1IXM?feature=oembed\" frameborder=\"0\" allow=\"accelerometer; autoplay; clipboard-write; encrypted-media; gyroscope; picture-in-picture; web-share\" referrerpolicy=\"strict-origin-when-cross-origin\" allowfullscreen><\/iframe>\n<\/div><\/figure>\n","protected":false},"excerpt":{"rendered":"<p>El m\u00e9dico&nbsp;y director del Instituto de Neurolog\u00eda Buenos Aires (INBA), Dr. Alejandro Andersson, fue uno de los presentes en el hist\u00f3rico anuncio dado a conocer por el gobernador Juan Pablo&hellip; <\/p>\n","protected":false},"author":8,"featured_media":254172,"comment_status":"closed","ping_status":"open","sticky":false,"template":"","format":"standard","meta":{"footnotes":""},"categories":[26],"tags":[],"class_list":["post-254171","post","type-post","status-publish","format-standard","has-post-thumbnail","hentry","category-destacados"],"_links":{"self":[{"href":"https:\/\/corrientesdetarde.com\/index.php\/wp-json\/wp\/v2\/posts\/254171","targetHints":{"allow":["GET"]}}],"collection":[{"href":"https:\/\/corrientesdetarde.com\/index.php\/wp-json\/wp\/v2\/posts"}],"about":[{"href":"https:\/\/corrientesdetarde.com\/index.php\/wp-json\/wp\/v2\/types\/post"}],"author":[{"embeddable":true,"href":"https:\/\/corrientesdetarde.com\/index.php\/wp-json\/wp\/v2\/users\/8"}],"replies":[{"embeddable":true,"href":"https:\/\/corrientesdetarde.com\/index.php\/wp-json\/wp\/v2\/comments?post=254171"}],"version-history":[{"count":1,"href":"https:\/\/corrientesdetarde.com\/index.php\/wp-json\/wp\/v2\/posts\/254171\/revisions"}],"predecessor-version":[{"id":254175,"href":"https:\/\/corrientesdetarde.com\/index.php\/wp-json\/wp\/v2\/posts\/254171\/revisions\/254175"}],"wp:featuredmedia":[{"embeddable":true,"href":"https:\/\/corrientesdetarde.com\/index.php\/wp-json\/wp\/v2\/media\/254172"}],"wp:attachment":[{"href":"https:\/\/corrientesdetarde.com\/index.php\/wp-json\/wp\/v2\/media?parent=254171"}],"wp:term":[{"taxonomy":"category","embeddable":true,"href":"https:\/\/corrientesdetarde.com\/index.php\/wp-json\/wp\/v2\/categories?post=254171"},{"taxonomy":"post_tag","embeddable":true,"href":"https:\/\/corrientesdetarde.com\/index.php\/wp-json\/wp\/v2\/tags?post=254171"}],"curies":[{"name":"wp","href":"https:\/\/api.w.org\/{rel}","templated":true}]}}