{"id":254176,"date":"2026-04-27T13:41:49","date_gmt":"2026-04-27T16:41:49","guid":{"rendered":"https:\/\/corrientesdetarde.com\/?p=254176"},"modified":"2026-04-27T13:41:59","modified_gmt":"2026-04-27T16:41:59","slug":"este-martes-28-comienza-el-pago-de-sueldos-a-municipales","status":"publish","type":"post","link":"https:\/\/corrientesdetarde.com\/index.php\/locales\/este-martes-28-comienza-el-pago-de-sueldos-a-municipales\/","title":{"rendered":"Este martes 28 comienza el pago de sueldos a municipales"},"content":{"rendered":"\n<p>El cronograma salarial de la Municipalidad, correspondiente al mes de abril, se extender\u00e1 hasta el jueves 30 y ser\u00e1 de manera extraordinaria en la previa al D\u00eda del Trabajador.<\/p>\n\n\n\n<p>Este martes 28 de abril se pagar\u00e1 a todos los trabajadores de Higiene Urbana, como tambi\u00e9n tendr\u00e1n depositados los salarios en sus cuentas los agentes Neike bancarizados, dinero al que podr\u00e1n acceder extray\u00e9ndolo a trav\u00e9s de los cajeros autom\u00e1ticos habilitados.<\/p>\n\n\n\n<p>Por su parte, los Neike no bancarizados deber\u00e1n dirigirse a la Caja Municipal de Pr\u00e9stamos (CMP), en su sede central ubicada en Brasil 1269.<\/p>\n\n\n\n<p>MI\u00c9RCOLES Y JUEVES<\/p>\n\n\n\n<p>El cronograma continuar\u00e1 el mi\u00e9rcoles 29 de marzo y se pagar\u00e1 a los trabajadores con DNI terminados en 0, 1, 2, 3 y 4.<\/p>\n\n\n\n<p>Finalmente, el jueves 30 concluir\u00e1 con los agentes que tengan DNI finalizados en 5, 6, 7, 8 y 9.<\/p>\n\n\n\n<p>En el caso de los Neike bancarizados, pero que a\u00fan no tengan tarjetas de d\u00e9bito, podr\u00e1n cobrar en la sucursal del Banco de Corrientes de av. Teniente Ib\u00e1\u00f1ez 1826. Este segmento de trabajadores deber\u00e1 regirse por el cronograma con terminaci\u00f3n de DNI detallado anteriormente.<\/p>\n\n\n\n<figure class=\"wp-block-image size-full\"><img loading=\"lazy\" decoding=\"async\" width=\"441\" height=\"741\" src=\"https:\/\/corrientesdetarde.com\/wp-content\/uploads\/2026\/04\/image-580.png\" alt=\"\" class=\"wp-image-254177\" srcset=\"https:\/\/corrientesdetarde.com\/wp-content\/uploads\/2026\/04\/image-580.png 441w, https:\/\/corrientesdetarde.com\/wp-content\/uploads\/2026\/04\/image-580-179x300.png 179w\" sizes=\"auto, (max-width: 441px) 100vw, 441px\" \/><\/figure>\n","protected":false},"excerpt":{"rendered":"<p>El cronograma salarial de la Municipalidad, correspondiente al mes de abril, se extender\u00e1 hasta el jueves 30 y ser\u00e1 de manera extraordinaria en la previa al D\u00eda del Trabajador. Este&hellip; <\/p>\n","protected":false},"author":1,"featured_media":205377,"comment_status":"closed","ping_status":"open","sticky":false,"template":"","format":"standard","meta":{"footnotes":""},"categories":[8],"tags":[],"class_list":["post-254176","post","type-post","status-publish","format-standard","has-post-thumbnail","hentry","category-locales"],"_links":{"self":[{"href":"https:\/\/corrientesdetarde.com\/index.php\/wp-json\/wp\/v2\/posts\/254176","targetHints":{"allow":["GET"]}}],"collection":[{"href":"https:\/\/corrientesdetarde.com\/index.php\/wp-json\/wp\/v2\/posts"}],"about":[{"href":"https:\/\/corrientesdetarde.com\/index.php\/wp-json\/wp\/v2\/types\/post"}],"author":[{"embeddable":true,"href":"https:\/\/corrientesdetarde.com\/index.php\/wp-json\/wp\/v2\/users\/1"}],"replies":[{"embeddable":true,"href":"https:\/\/corrientesdetarde.com\/index.php\/wp-json\/wp\/v2\/comments?post=254176"}],"version-history":[{"count":1,"href":"https:\/\/corrientesdetarde.com\/index.php\/wp-json\/wp\/v2\/posts\/254176\/revisions"}],"predecessor-version":[{"id":254178,"href":"https:\/\/corrientesdetarde.com\/index.php\/wp-json\/wp\/v2\/posts\/254176\/revisions\/254178"}],"wp:featuredmedia":[{"embeddable":true,"href":"https:\/\/corrientesdetarde.com\/index.php\/wp-json\/wp\/v2\/media\/205377"}],"wp:attachment":[{"href":"https:\/\/corrientesdetarde.com\/index.php\/wp-json\/wp\/v2\/media?parent=254176"}],"wp:term":[{"taxonomy":"category","embeddable":true,"href":"https:\/\/corrientesdetarde.com\/index.php\/wp-json\/wp\/v2\/categories?post=254176"},{"taxonomy":"post_tag","embeddable":true,"href":"https:\/\/corrientesdetarde.com\/index.php\/wp-json\/wp\/v2\/tags?post=254176"}],"curies":[{"name":"wp","href":"https:\/\/api.w.org\/{rel}","templated":true}]}}