{"id":254179,"date":"2026-04-27T14:14:22","date_gmt":"2026-04-27T17:14:22","guid":{"rendered":"https:\/\/corrientesdetarde.com\/?p=254179"},"modified":"2026-04-27T14:14:28","modified_gmt":"2026-04-27T17:14:28","slug":"paisajes-cecilia-zabala-coqui-ortiz","status":"publish","type":"post","link":"https:\/\/corrientesdetarde.com\/index.php\/informacion-general\/paisajes-cecilia-zabala-coqui-ortiz\/","title":{"rendered":"\u201cPAISAJES\u201d CECILIA ZABALA &#8211; COQUI ORTIZ"},"content":{"rendered":"\n<p>Jueves 7 de Mayo \u2013 21:00h | Hasta Trilce (Maza 177, CABA)<br> Entradas anticipadas $20.000 por Alternativa Teatral . En puerta $25.000<\/p>\n\n\n\n<p>Por primera vez, Cecilia Zabala y Coqui Ortiz se encuentran en el escenario para compartir un concierto donde la canci\u00f3n y la guitarra son territorio com\u00fan.<\/p>\n\n\n\n<p>Cantautores, guitarristas, narradores de mundos propios. \u00c9l, con ra\u00edces en el litoral; ella, con un recorrido que cruza geograf\u00edas y sensibilidades. Juntos, entrelazan cuerdas, voces y silencios para construir un entramado de paisajes, historias y personajes que respiran en cada canci\u00f3n.<\/p>\n\n\n\n<p>La guitarra \u2014compa\u00f1era esencial de los dos artistas\u2014 no es aqu\u00ed solo instrumento, sino territorio com\u00fan: sost\u00e9n r\u00edtmico, puente arm\u00f3nico y voz que dialoga. Desde ese lenguaje compartido, cada canci\u00f3n se vuelve encuentro y cada interpretaci\u00f3n, una forma de conversaci\u00f3n.<\/p>\n\n\n\n<p>El concierto propone un recorrido en dos planos: momentos solistas que revelan la identidad de cada artista, y encuentros donde las canciones se vuelven di\u00e1logo, cruce, descubrimiento.<\/p>\n\n\n\n<p>Cecilia compartir\u00e1 canciones de su \u00faltimo disco \u201cSagrado Rito\u201d, donde colabor\u00f3 con artistas como Teresa Parodi, Juan Fal\u00fa, Miguel Cantilo, Yusa y Javier Ruibal. Coqui presentar\u00e1 el repertorio de su reciente&nbsp; \u201c\u00c1lbum de Memorias\u201d, un emotivo homenaje a los maestros que forjaron su camino musical y personal, y que marcaron culturalmente a una generaci\u00f3n de artistas de su Ciudad: Resistencia, en la Provincia del Chaco.<\/p>\n\n\n\n<p>\u201cPaisajes\u201d es una invitaci\u00f3n a habitar la m\u00fasica como quien entra en una casa: de cerca, con escucha atenta, siendo parte de una celebraci\u00f3n compartida. Ah\u00ed mismo donde -como dec\u00eda Ra\u00fal Carnota- el paisaje m\u00e1s conmovedor es siempre el ser humano. <strong><\/strong><strong><br><\/strong><\/p>\n\n\n\n<p><strong>Cecilia Zabala<\/strong><strong><\/strong><\/p>\n\n\n\n<p><strong><u>Material de Audio<\/u><\/strong><\/p>\n\n\n\n<p><a href=\"https:\/\/drive.google.com\/file\/d\/1bycPh0qiBFOXXyEUBGTgw8QyCBqScfik\/view?usp=drive_link\"><strong>Tonada de los vi\u00f1edos<\/strong><\/a><\/p>\n\n\n\n<p>junto a TERESA PARODI<\/p>\n\n\n\n<p><a href=\"https:\/\/drive.google.com\/file\/d\/1bycPh0qiBFOXXyEUBGTgw8QyCBqScfik\/view?usp=drive_link\"><strong>Arte Po\u00e9tica<\/strong><\/a><strong><\/strong><\/p>\n\n\n\n<p>&nbsp;junto a YUSA<\/p>\n\n\n\n<p><a href=\"https:\/\/drive.google.com\/file\/d\/1Xtyq5D0me2gpMaMrY0h3TySlZkPtuq6k\/view?usp=drive_link\"><strong>Inventario<\/strong><\/a><strong> <\/strong>(Cecilia Zabala)<\/p>\n\n\n\n<p><strong><u>Material Audio Visual<\/u><\/strong><\/p>\n\n\n\n<p><a href=\"https:\/\/youtu.be\/P-9yS2f5vXI?feature=shared\"><strong>Resistencia<\/strong><\/a> \u2013 video oficial<\/p>\n\n\n\n<p><a href=\"https:\/\/youtu.be\/RDKE1suUVxI?feature=shared\"><strong>Solo as\u00ed<\/strong><\/a> \u2013 junto a JUAN FAL\u00da<\/p>\n\n\n\n<p><a href=\"https:\/\/youtu.be\/JnHQhyMxxZo\"><strong>Sagrado rito<\/strong><\/a> \u2013 con JAVIER RUIBAL<\/p>\n\n\n\n<p><a href=\"https:\/\/drive.google.com\/drive\/folders\/1qTu0SEFmFLvdBV6r_ESAOB0IahFIQbgC?usp=drive_link\"><strong>Fotos<\/strong><\/a><strong><u><\/u><\/strong><\/p>\n\n\n\n<p><strong>Coqui Ortiz<\/strong><\/p>\n\n\n\n<p><strong><u>Material de Audio<\/u><\/strong><\/p>\n\n\n\n<p><a href=\"https:\/\/drive.google.com\/file\/d\/1GUhTLSKiSnlkPjYnWfmsg0UhhT_XNf0D\/view?usp=drive_link\"><strong>El canto es un r\u00edo<\/strong><\/a><\/p>\n\n\n\n<p>junto a Marcelo Dellamea<\/p>\n\n\n\n<p><a href=\"https:\/\/drive.google.com\/file\/d\/1JzDj49GxWnARHCuVRDugX2gUTEA3Wq_e\/view?usp=drive_link\"><strong>Canci\u00f3n que nace<\/strong><\/a><\/p>\n\n\n\n<p>(Gustavo Vi\u00f1as)<\/p>\n\n\n\n<p><a href=\"https:\/\/drive.google.com\/file\/d\/1asfCVYvAEv1FdqJLOcEx4F9KUkN11aDh\/view?usp=drive_link\"><strong>Hachero It\u00e9<\/strong><\/a><strong> <\/strong>(G\u00f3mez-Rodriguez)<\/p>\n\n\n\n<p><strong><u>Material Audio Visual<\/u><\/strong><\/p>\n\n\n\n<p><a href=\"https:\/\/youtu.be\/PBc_EPoxHeM?si=KWKzgtcXVw_DjQDZ\"><strong>El sauce y el r\u00edo<\/strong><\/a><\/p>\n\n\n\n<p><a href=\"https:\/\/youtu.be\/QgBwvAb79rM?si=BFTBOShbSnPSjmNI\"><strong>Madrigal para un recuerdo<\/strong><\/a><strong><\/strong><\/p>\n\n\n\n<p><a href=\"https:\/\/youtu.be\/csSsJBa9r7c?si=GtKXhba86VCo4UpZ\"><strong>A orillas del Araz\u00e1<\/strong><\/a><a href=\"https:\/\/youtu.be\/csSsJBa9r7c?si=GtKXhba86VCo4UpZ\"><\/a><\/p>\n\n\n\n<p><a href=\"https:\/\/drive.google.com\/drive\/folders\/1oOa7wSQ_tnJ0_tltMrmvmUUytqcfgVk1?usp=sharing\"><strong>Fotos<\/strong><\/a><strong><u><\/u><\/strong><strong><br><\/strong><\/p>\n\n\n\n<p><strong>Biograf\u00edas:<\/strong><\/p>\n\n\n\n<p><a href=\"https:\/\/musica.ceciliazabala.com.ar\/cecilia-zabala\/\"><strong>Cecilia Zabala<\/strong><\/a> es guitarrista, compositora, cantante y cantautora. Fue ganadora del<a href=\"https:\/\/www.pagina12.com.ar\/163811-una-sorpresa-para-el-arbol-navideno-de-los-artistas\"> <\/a><a href=\"https:\/\/www.pagina12.com.ar\/163811-una-sorpresa-para-el-arbol-navideno-de-los-artistas\">P<\/a><a href=\"https:\/\/www.pagina12.com.ar\/163811-una-sorpresa-para-el-arbol-navideno-de-los-artistas\">rimer Premio Nacional de las Artes 2018<\/a> que otorga el Ministerio de Cultura de Argentina en la categor\u00eda &#8220;Jazz y Mel\u00f3dica&#8221;. Luego de veinticinco a\u00f1os de carrera, ha lanzado doce \u00e1lbumes independientes, un sencillo y un EP, publicados en Argentina,<a href=\"https:\/\/www.acoustic-music.de\/epages\/63090349.sf\/de_DE\/?ObjectPath=\/Shops\/63090349\/Products\/319.1582.2\"> <\/a><a href=\"https:\/\/www.acoustic-music.de\/epages\/63090349.sf\/de_DE\/?ObjectPath=\/Shops\/63090349\/Products\/319.1582.2\">Alemania<\/a> y Estados Unidos. Lleva m\u00e1s de quince a\u00f1os realizando giras internacionales, dictando Clases Magistrales y presentando su trabajo en Festivales, Salas de Conciertos y Mercados de Arte de Europa, Norteam\u00e9rica y Latinoam\u00e9rica.<\/p>\n\n\n\n<p><a href=\"https:\/\/www.instagram.com\/coqui_ortiz?utm_source=ig_web_button_share_sheet&amp;igsh=ZDNlZDc0MzIxNw==\">Coqui Ortiz<\/a><\/p>\n\n\n\n<p>La obra de Coqui Ortiz puede ser ubicada dentro del litoral, y en ella se pueden encontrar decimas o coplas, chamam\u00e9, rasguido doble o milong\u00f3n. Pero tambi\u00e9n gran parte de la misma se ve enlazada a la trova latinoamericana, paseando por la canci\u00f3n, el candombe y otros ritmos que suelen fluir, destacando su trabajo como guitarrista acompa\u00f1ando cada detalle de la voz en sus interpretaciones<\/p>\n\n\n\n<p>Desde el a\u00f1o 2000 comenz\u00f3 a recorrer el pa\u00eds y el exterior, mostrando su obra en distintos escenarios. Edit\u00f3 cinco discos para el Sello \u201cShagrada Medra\u201d, que merecieron las mejores cr\u00edticas de la prensa nacional. Comparti\u00f3 escenario con grandes exponentes de la m\u00fasica argentina y con algunos de los mismos tambi\u00e9n la labor creativa tanto en letra como m\u00fasica.<\/p>\n","protected":false},"excerpt":{"rendered":"<p>Jueves 7 de Mayo \u2013 21:00h | Hasta Trilce (Maza 177, CABA) Entradas anticipadas $20.000 por Alternativa Teatral . En puerta $25.000 Por primera vez, Cecilia Zabala y Coqui Ortiz&hellip; <\/p>\n","protected":false},"author":11,"featured_media":254180,"comment_status":"closed","ping_status":"open","sticky":false,"template":"","format":"standard","meta":{"footnotes":""},"categories":[1],"tags":[],"class_list":["post-254179","post","type-post","status-publish","format-standard","has-post-thumbnail","hentry","category-informacion-general"],"_links":{"self":[{"href":"https:\/\/corrientesdetarde.com\/index.php\/wp-json\/wp\/v2\/posts\/254179","targetHints":{"allow":["GET"]}}],"collection":[{"href":"https:\/\/corrientesdetarde.com\/index.php\/wp-json\/wp\/v2\/posts"}],"about":[{"href":"https:\/\/corrientesdetarde.com\/index.php\/wp-json\/wp\/v2\/types\/post"}],"author":[{"embeddable":true,"href":"https:\/\/corrientesdetarde.com\/index.php\/wp-json\/wp\/v2\/users\/11"}],"replies":[{"embeddable":true,"href":"https:\/\/corrientesdetarde.com\/index.php\/wp-json\/wp\/v2\/comments?post=254179"}],"version-history":[{"count":1,"href":"https:\/\/corrientesdetarde.com\/index.php\/wp-json\/wp\/v2\/posts\/254179\/revisions"}],"predecessor-version":[{"id":254181,"href":"https:\/\/corrientesdetarde.com\/index.php\/wp-json\/wp\/v2\/posts\/254179\/revisions\/254181"}],"wp:featuredmedia":[{"embeddable":true,"href":"https:\/\/corrientesdetarde.com\/index.php\/wp-json\/wp\/v2\/media\/254180"}],"wp:attachment":[{"href":"https:\/\/corrientesdetarde.com\/index.php\/wp-json\/wp\/v2\/media?parent=254179"}],"wp:term":[{"taxonomy":"category","embeddable":true,"href":"https:\/\/corrientesdetarde.com\/index.php\/wp-json\/wp\/v2\/categories?post=254179"},{"taxonomy":"post_tag","embeddable":true,"href":"https:\/\/corrientesdetarde.com\/index.php\/wp-json\/wp\/v2\/tags?post=254179"}],"curies":[{"name":"wp","href":"https:\/\/api.w.org\/{rel}","templated":true}]}}