{"id":254188,"date":"2026-04-27T14:30:44","date_gmt":"2026-04-27T17:30:44","guid":{"rendered":"https:\/\/corrientesdetarde.com\/?p=254188"},"modified":"2026-04-27T14:30:56","modified_gmt":"2026-04-27T17:30:56","slug":"la-vicegobernacion-invita-a-la-charla-la-heroina-que-bajo-del-cielo-la-unica-mujer-que-piso-malvinas","status":"publish","type":"post","link":"https:\/\/corrientesdetarde.com\/index.php\/sociales\/la-vicegobernacion-invita-a-la-charla-la-heroina-que-bajo-del-cielo-la-unica-mujer-que-piso-malvinas\/","title":{"rendered":"La Vicegobernaci\u00f3n invita a la charla \u201cLa hero\u00edna que baj\u00f3 del cielo\u201d: La \u00fanica mujer que pis\u00f3 Malvinas"},"content":{"rendered":"\n<p>El pr\u00f3ximo jueves 30 de abril a las 17 horas, se llevar\u00e1 a cabo en el recinto del Palacio Legislativo la charla titulada \u201cLa hero\u00edna que baj\u00f3 del cielo\u201d, a cargo de la Dra. Mar\u00eda Liliana Colino, quien visitar\u00e1 nuestra provincia para compartir su valiosa experiencia.<\/p>\n\n\n\n<p>La actividad es organizada por el vicegobernador Pedro Braillard Poccard y el diputado Nacional Di\u00f3genes Gonz\u00e1lez, quienes invitan a la comunidad a participar de este encuentro de profundo valor hist\u00f3rico y humano.<\/p>\n\n\n\n<p>La Dra. Colino es reconocida por haber sido la \u00fanica mujer que pis\u00f3 el suelo de las Islas Malvinas durante el intento de recuperaci\u00f3n por parte de las tropas argentinas. En su rol de enfermera profesional e integrante de la Fuerza A\u00e9rea Argentina, asisti\u00f3 a los combatientes en el frente, convirti\u00e9ndose en una protagonista directa del conflicto.<\/p>\n\n\n\n<p>Durante la charla, compartir\u00e1 su testimonio como veterana de guerra, brindando una mirada \u00fanica sobre los acontecimientos vividos y el compromiso con quienes defendieron la soberan\u00eda nacional.<\/p>\n\n\n\n<figure class=\"wp-block-image size-full\"><img loading=\"lazy\" decoding=\"async\" width=\"427\" height=\"690\" src=\"https:\/\/corrientesdetarde.com\/wp-content\/uploads\/2026\/04\/Captura-de-pantalla-2026-04-27-142610.png\" alt=\"\" class=\"wp-image-254189\" srcset=\"https:\/\/corrientesdetarde.com\/wp-content\/uploads\/2026\/04\/Captura-de-pantalla-2026-04-27-142610.png 427w, https:\/\/corrientesdetarde.com\/wp-content\/uploads\/2026\/04\/Captura-de-pantalla-2026-04-27-142610-186x300.png 186w\" sizes=\"auto, (max-width: 427px) 100vw, 427px\" \/><\/figure>\n","protected":false},"excerpt":{"rendered":"<p>El pr\u00f3ximo jueves 30 de abril a las 17 horas, se llevar\u00e1 a cabo en el recinto del Palacio Legislativo la charla titulada \u201cLa hero\u00edna que baj\u00f3 del cielo\u201d, a&hellip; <\/p>\n","protected":false},"author":4,"featured_media":254190,"comment_status":"closed","ping_status":"open","sticky":false,"template":"","format":"standard","meta":{"footnotes":""},"categories":[17],"tags":[],"class_list":["post-254188","post","type-post","status-publish","format-standard","has-post-thumbnail","hentry","category-sociales"],"_links":{"self":[{"href":"https:\/\/corrientesdetarde.com\/index.php\/wp-json\/wp\/v2\/posts\/254188","targetHints":{"allow":["GET"]}}],"collection":[{"href":"https:\/\/corrientesdetarde.com\/index.php\/wp-json\/wp\/v2\/posts"}],"about":[{"href":"https:\/\/corrientesdetarde.com\/index.php\/wp-json\/wp\/v2\/types\/post"}],"author":[{"embeddable":true,"href":"https:\/\/corrientesdetarde.com\/index.php\/wp-json\/wp\/v2\/users\/4"}],"replies":[{"embeddable":true,"href":"https:\/\/corrientesdetarde.com\/index.php\/wp-json\/wp\/v2\/comments?post=254188"}],"version-history":[{"count":1,"href":"https:\/\/corrientesdetarde.com\/index.php\/wp-json\/wp\/v2\/posts\/254188\/revisions"}],"predecessor-version":[{"id":254191,"href":"https:\/\/corrientesdetarde.com\/index.php\/wp-json\/wp\/v2\/posts\/254188\/revisions\/254191"}],"wp:featuredmedia":[{"embeddable":true,"href":"https:\/\/corrientesdetarde.com\/index.php\/wp-json\/wp\/v2\/media\/254190"}],"wp:attachment":[{"href":"https:\/\/corrientesdetarde.com\/index.php\/wp-json\/wp\/v2\/media?parent=254188"}],"wp:term":[{"taxonomy":"category","embeddable":true,"href":"https:\/\/corrientesdetarde.com\/index.php\/wp-json\/wp\/v2\/categories?post=254188"},{"taxonomy":"post_tag","embeddable":true,"href":"https:\/\/corrientesdetarde.com\/index.php\/wp-json\/wp\/v2\/tags?post=254188"}],"curies":[{"name":"wp","href":"https:\/\/api.w.org\/{rel}","templated":true}]}}