{"id":254192,"date":"2026-04-27T15:03:49","date_gmt":"2026-04-27T18:03:49","guid":{"rendered":"https:\/\/corrientesdetarde.com\/?p=254192"},"modified":"2026-04-27T15:03:54","modified_gmt":"2026-04-27T18:03:54","slug":"feria-mascotera-masiva-convocatoria-promocion-deservicios-y-fuerte-mensaje-de-tenencia-responsable","status":"publish","type":"post","link":"https:\/\/corrientesdetarde.com\/index.php\/actualidad\/feria-mascotera-masiva-convocatoria-promocion-deservicios-y-fuerte-mensaje-de-tenencia-responsable\/","title":{"rendered":"Feria Mascotera: masiva convocatoria, promoci\u00f3n deservicios\u00a0y fuerte mensaje de tenencia responsable"},"content":{"rendered":"\n<p>En un Parque Camb\u00e1 Cu\u00e1 con gran concurrencia, los amantes de los animales pudieron acceder a servicios gratuitos para sus mascotas, como la vacunaci\u00f3n antirr\u00e1bica. Adem\u00e1s, se promovieron acciones clave como la desparasitaci\u00f3n y la adopci\u00f3n responsable.<\/p>\n\n\n\n<p>Con una importante participaci\u00f3n de vecinos, emprendedores y organizaciones proteccionistas, este domingo por la tarde la Municipalidad de la ciudad de Corrientes realiz\u00f3 la Feria Mascotera en el Parque Camb\u00e1 Cu\u00e1.<\/p>\n\n\n\n<figure class=\"wp-block-embed is-type-video is-provider-youtube wp-block-embed-youtube wp-embed-aspect-16-9 wp-has-aspect-ratio\"><div class=\"wp-block-embed__wrapper\">\n<iframe loading=\"lazy\" title=\"Feria Mascotera: masiva convocatoria y fuerte mensaje de tenencia responsable\" width=\"1110\" height=\"624\" src=\"https:\/\/www.youtube.com\/embed\/zh1-v4lweSI?feature=oembed\" frameborder=\"0\" allow=\"accelerometer; autoplay; clipboard-write; encrypted-media; gyroscope; picture-in-picture; web-share\" referrerpolicy=\"strict-origin-when-cross-origin\" allowfullscreen><\/iframe>\n<\/div><\/figure>\n\n\n\n<p><br>La jornada incluy\u00f3 vacunaci\u00f3n antirr\u00e1bica, desfile de mascotas y la destacada participaci\u00f3n de la Divisi\u00f3n Canes de la Polic\u00eda de Corrientes, consolid\u00e1ndose como un espacio de concientizaci\u00f3n y encuentro comunitario en la previa al D\u00eda del Animal, que se conmemorar\u00e1 este 29 de abril.<br>En ese marco, la actividad en el Camb\u00e1 Cu\u00e1 permiti\u00f3 reforzar la concientizaci\u00f3n sobre la importancia de la desparasitaci\u00f3n y la promoci\u00f3n de adopciones responsables.<br><br>EXITOSO ENCUENTRO<br>La iniciativa se enmarca en las pol\u00edticas p\u00fablicas impulsadas por la Municipalidad de la ciudad de Corrientes, bajo las directivas del intendente Claudio Polich, con eje en el bienestar animal y la promoci\u00f3n de la tenencia responsable. El jefe comunal estuvo presente en el lugar y comparti\u00f3 con vecinos y feriantes el cierre de una jornada exitosa.<br>Tambi\u00e9n presente en el evento, la secretaria general de Gobierno, Florencia Ojeda, destac\u00f3 el nivel de convocatoria y el car\u00e1cter integral de la propuesta.<br>Asimismo, remarc\u00f3 que el objetivo central de la feria es \u201cpromover la tenencia y el cuidado responsable de las mascotas\u201d, al tiempo que valor\u00f3 la presencia del equipo de Bienestar Animal con vacunaci\u00f3n antirr\u00e1bica y acciones concretas que se replican en distintos barrios.<br>En esa l\u00ednea, sostuvo que el municipio apunta a que \u201clos animales puedan sentirse seguros, al igual que los vecinos, entendiendo que son parte importante de las familias\u201d, y resalt\u00f3 pol\u00edticas como la castraci\u00f3n y los operativos territoriales de \u201cLa Muni en tu Barrio\u201d, programa que se llevar\u00e1 a cabo el pr\u00f3ximo mi\u00e9rcoles 29 de abril, de 8 a 12, en la plaza Ex Combatientes (Cangallo y Frondizi) del barrio Quintana.<br><br>CONCIENTIZACI\u00d3N Y TRABAJO ARTICULADO<br>Por su parte, la subsecretaria de Pol\u00edticas Ambientales, Mercedes Mestres, puso el foco en el rol estrat\u00e9gico del \u00e1rea que encabeza dentro de la estructura municipal. En ese sentido, explic\u00f3 que la Subsecretar\u00eda no solo articula este tipo de eventos, sino que tambi\u00e9n dise\u00f1a e implementa pol\u00edticas p\u00fablicas vinculadas al ambiente urbano, con un eje transversal en el bienestar animal.<br>Mestres precis\u00f3 que el \u00e1rea de Bienestar Animal \u2014dependiente de su subsecretar\u00eda\u2014 cumple funciones clave como campa\u00f1as de prevenci\u00f3n, recepci\u00f3n de denuncias por maltrato animal y operativos de control, que incluyen desde rescates hasta el secuestro de animales en situaciones irregulares, como especies ex\u00f3ticas en cautiverio.<br>En esa l\u00ednea, adelant\u00f3 que el \u00e1rea profundizar\u00e1 las acciones educativas con charlas en escuelas y centros de desarrollo infantil, con el objetivo de generar un cambio cultural sostenido en torno al cuidado animal.<br><br>EL ROL CLAVE DE LAS ORGANIZACIONES<br>Desde el sector proteccionista, Margarita Escalante, integrante de la Asociaci\u00f3n \u201cMis Mejores Amigos\u201d y de la \u201cColonia Felina del Puerto\u201d, hizo hincapi\u00e9 en la esterilizaci\u00f3n como herramienta fundamental: \u201cLa castraci\u00f3n es clave para disminuir el abandono y prevenir enfermedades\u201d, asegur\u00f3.<br>Adem\u00e1s, valor\u00f3 los avances en la ciudad en materia de cuidado animal y la incorporaci\u00f3n de herramientas de accesibilidad cognitiva para educar a ni\u00f1os y personas con discapacidad.<br><br>LA MIRADA DE LOS VECINOS<br>La jornada tambi\u00e9n fue valorada por quienes participaron junto a sus mascotas. Marianela, vecina que asisti\u00f3 con su perra Olivia, destac\u00f3 el valor social de la propuesta: \u201cEst\u00e1 muy bueno poder compartir al aire libre y acceder a servicios municipales para el sector\u201d, expres\u00f3.<\/p>\n","protected":false},"excerpt":{"rendered":"<p>En un Parque Camb\u00e1 Cu\u00e1 con gran concurrencia, los amantes de los animales pudieron acceder a servicios gratuitos para sus mascotas, como la vacunaci\u00f3n antirr\u00e1bica. Adem\u00e1s, se promovieron acciones clave&hellip; <\/p>\n","protected":false},"author":4,"featured_media":254193,"comment_status":"closed","ping_status":"open","sticky":false,"template":"","format":"standard","meta":{"footnotes":""},"categories":[23],"tags":[],"class_list":["post-254192","post","type-post","status-publish","format-standard","has-post-thumbnail","hentry","category-actualidad"],"_links":{"self":[{"href":"https:\/\/corrientesdetarde.com\/index.php\/wp-json\/wp\/v2\/posts\/254192","targetHints":{"allow":["GET"]}}],"collection":[{"href":"https:\/\/corrientesdetarde.com\/index.php\/wp-json\/wp\/v2\/posts"}],"about":[{"href":"https:\/\/corrientesdetarde.com\/index.php\/wp-json\/wp\/v2\/types\/post"}],"author":[{"embeddable":true,"href":"https:\/\/corrientesdetarde.com\/index.php\/wp-json\/wp\/v2\/users\/4"}],"replies":[{"embeddable":true,"href":"https:\/\/corrientesdetarde.com\/index.php\/wp-json\/wp\/v2\/comments?post=254192"}],"version-history":[{"count":1,"href":"https:\/\/corrientesdetarde.com\/index.php\/wp-json\/wp\/v2\/posts\/254192\/revisions"}],"predecessor-version":[{"id":254194,"href":"https:\/\/corrientesdetarde.com\/index.php\/wp-json\/wp\/v2\/posts\/254192\/revisions\/254194"}],"wp:featuredmedia":[{"embeddable":true,"href":"https:\/\/corrientesdetarde.com\/index.php\/wp-json\/wp\/v2\/media\/254193"}],"wp:attachment":[{"href":"https:\/\/corrientesdetarde.com\/index.php\/wp-json\/wp\/v2\/media?parent=254192"}],"wp:term":[{"taxonomy":"category","embeddable":true,"href":"https:\/\/corrientesdetarde.com\/index.php\/wp-json\/wp\/v2\/categories?post=254192"},{"taxonomy":"post_tag","embeddable":true,"href":"https:\/\/corrientesdetarde.com\/index.php\/wp-json\/wp\/v2\/tags?post=254192"}],"curies":[{"name":"wp","href":"https:\/\/api.w.org\/{rel}","templated":true}]}}