{"id":254198,"date":"2026-04-27T15:53:57","date_gmt":"2026-04-27T18:53:57","guid":{"rendered":"https:\/\/corrientesdetarde.com\/?p=254198"},"modified":"2026-04-27T16:04:01","modified_gmt":"2026-04-27T19:04:01","slug":"el-gesto-de-pampita-que-sorprendio-cuando-la-reini-le-gano-el-martin-fierro-de-la-moda-que-hizo-en-pleno-vivo","status":"publish","type":"post","link":"https:\/\/corrientesdetarde.com\/index.php\/espectaculos\/el-gesto-de-pampita-que-sorprendio-cuando-la-reini-le-gano-el-martin-fierro-de-la-moda-que-hizo-en-pleno-vivo\/","title":{"rendered":"El gesto de Pampita que sorprendi\u00f3 cuando La Reini le gan\u00f3 el Mart\u00edn Fierro de la Moda: qu\u00e9 hizo en pleno vivo"},"content":{"rendered":"\n<p>La modelo reaccion\u00f3 desde la primera fila cuando Sof\u00eda &#8220;La Reini&#8221; Gonet se qued\u00f3 con la estatuilla de la terna en la que compet\u00edan y su actitud no pas\u00f3 desapercibida.<\/p>\n\n\n\n<p>El 26 de abril se llevaron a cabo los premios Mart\u00edn Fierro de la Moda y Pampita no solo fue una de las primeras figuras en recibir un galard\u00f3n, gan\u00f3 en la categor\u00eda Mejor estilo en redes, sino que tambi\u00e9n qued\u00f3 en el centro de la escena por su reacci\u00f3n cuando Sof\u00eda &#8220;La Reini&#8221; Gonet se impuso en una terna que compart\u00edan.<\/p>\n\n\n\n<p>&nbsp;<br>La categor\u00eda en cuesti\u00f3n fue Mejor estilo femenino en big show, integrada por Lali (La Voz Argentina), Sof\u00eda Gonet (MasterChef Celebrity), Wanda Nara (MasterChef Celebrity) y Carolina &#8220;Pampita&#8221; Ardohain (Los 8 escalones). Finalmente, la influencer se llev\u00f3 la estatuilla tras destacarse con sus looks en el reality de cocina.<\/p>\n\n\n\n<figure class=\"wp-block-image\"><img decoding=\"async\" src=\"https:\/\/www.radiodos.com.ar\/content\/bucket\/8\/284598w790h442c.jpg.webp\" alt=\"\"\/><\/figure>\n\n\n\n<p><br><br>&nbsp;<br>&nbsp; &nbsp;&nbsp;<br><strong>Mart\u00edn Fierro de la Moda: qu\u00e9 hizo Pampita cuando gan\u00f3 La Reini<\/strong><br>Ubicada en primera fila, Pampita reaccion\u00f3 de inmediato: aplaudi\u00f3 el logro de su colega mientras La Reini, visiblemente emocionada, se acercaba al escenario. En el camino, la influencer le tir\u00f3 un beso y le extendi\u00f3 la mano.<\/p>\n\n\n\n<p>\u00a0 \u00a0\u00a0<br>Mart\u00edn Fierro de la Moda: qu\u00e9 hizo Pampita cuando gan\u00f3 La Reini (captura de Telefe)<br>Lejos de cualquier gesto inc\u00f3modo, Pampita respondi\u00f3 con calidez: le dio la mano y le grit\u00f3 &#8220;\u00a1felicitaciones!&#8221;, acompa\u00f1ando el momento con una sonrisa.<\/p>\n\n\n\n<p><br>La actitud de la modelo no pas\u00f3 desapercibida en redes sociales, donde muchos usuarios destacaron su amabilidad y compa\u00f1erismo, en contraste con otras reacciones m\u00e1s fr\u00edas y comptetitivas que suelen verse en este tipo de premiaciones.<\/p>\n\n\n\n<p>\u00a0 \u00a0\u00a0<br>Qu\u00e9 dijo La Reini tras ganar el Mart\u00edn Fierro de la Moda<br>Ya con el premio en mano, Sof\u00eda &#8220;La Reini&#8221; Gonet expres\u00f3 su emoci\u00f3n: &#8220;Muchas gracias. Para m\u00ed esto es inimaginable. No s\u00e9 qu\u00e9 decir porque jam\u00e1s cre\u00ed que pod\u00eda ganar este premio. Es un honor estar ac\u00e1 y compartir la terna con semejantes \u00edconos absolutos&#8221;.<\/p>\n","protected":false},"excerpt":{"rendered":"<p>La modelo reaccion\u00f3 desde la primera fila cuando Sof\u00eda &#8220;La Reini&#8221; Gonet se qued\u00f3 con la estatuilla de la terna en la que compet\u00edan y su actitud no pas\u00f3 desapercibida.&hellip; <\/p>\n","protected":false},"author":4,"featured_media":254202,"comment_status":"closed","ping_status":"open","sticky":false,"template":"","format":"standard","meta":{"footnotes":""},"categories":[19],"tags":[],"class_list":["post-254198","post","type-post","status-publish","format-standard","has-post-thumbnail","hentry","category-espectaculos"],"_links":{"self":[{"href":"https:\/\/corrientesdetarde.com\/index.php\/wp-json\/wp\/v2\/posts\/254198","targetHints":{"allow":["GET"]}}],"collection":[{"href":"https:\/\/corrientesdetarde.com\/index.php\/wp-json\/wp\/v2\/posts"}],"about":[{"href":"https:\/\/corrientesdetarde.com\/index.php\/wp-json\/wp\/v2\/types\/post"}],"author":[{"embeddable":true,"href":"https:\/\/corrientesdetarde.com\/index.php\/wp-json\/wp\/v2\/users\/4"}],"replies":[{"embeddable":true,"href":"https:\/\/corrientesdetarde.com\/index.php\/wp-json\/wp\/v2\/comments?post=254198"}],"version-history":[{"count":2,"href":"https:\/\/corrientesdetarde.com\/index.php\/wp-json\/wp\/v2\/posts\/254198\/revisions"}],"predecessor-version":[{"id":254204,"href":"https:\/\/corrientesdetarde.com\/index.php\/wp-json\/wp\/v2\/posts\/254198\/revisions\/254204"}],"wp:featuredmedia":[{"embeddable":true,"href":"https:\/\/corrientesdetarde.com\/index.php\/wp-json\/wp\/v2\/media\/254202"}],"wp:attachment":[{"href":"https:\/\/corrientesdetarde.com\/index.php\/wp-json\/wp\/v2\/media?parent=254198"}],"wp:term":[{"taxonomy":"category","embeddable":true,"href":"https:\/\/corrientesdetarde.com\/index.php\/wp-json\/wp\/v2\/categories?post=254198"},{"taxonomy":"post_tag","embeddable":true,"href":"https:\/\/corrientesdetarde.com\/index.php\/wp-json\/wp\/v2\/tags?post=254198"}],"curies":[{"name":"wp","href":"https:\/\/api.w.org\/{rel}","templated":true}]}}