{"id":254199,"date":"2026-04-27T15:42:04","date_gmt":"2026-04-27T18:42:04","guid":{"rendered":"https:\/\/corrientesdetarde.com\/?p=254199"},"modified":"2026-04-27T15:42:10","modified_gmt":"2026-04-27T18:42:10","slug":"flor-garcia-casabal-presenta-criollita","status":"publish","type":"post","link":"https:\/\/corrientesdetarde.com\/index.php\/eventos\/flor-garcia-casabal-presenta-criollita\/","title":{"rendered":"FLOR GARCIA CASABAL PRESENTA CRIOLLITA"},"content":{"rendered":"\n<p>9 de MAYO 21hs. CLUB SOCIAL CAMBALACHE. Defensa 1179 San Telmo \u2013 CABA. Entradas: \u00a0www.clubsocialcambalache.com\/detalles-y-registro\/sabado-9-de-mayo-21-hs-flor-garcia-casabal\u00a0 (o directamente en la web principal\u00a0www.clubsocialcambalache.com\u00a0).<\/p>\n\n\n\n<p>El pr\u00f3ximo 9 de mayo a las 21hs, la cantante <strong>Flor Garc\u00eda Casabal<\/strong> se presenta en Club Social <strong>Cambalache<\/strong> (Defensa 1179, San Telmo) con \u201cCRIOLLITA\u201d, un espect\u00e1culo donde la canci\u00f3n popular y la poes\u00eda se entrelazan para evocar el universo del barrio, la infancia, el amor y el sentido de pertenencia.<\/p>\n\n\n\n<p>\u201cCRIOLLITA\u201d propone un recorrido \u00edntimo y emotivo por la identidad cultural que nos atraviesa, esa memoria colectiva que vive m\u00e1s all\u00e1 de cualquier documento y que se expresa en la m\u00fasica argentina y latinoamericana.<\/p>\n\n\n\n<p>En esta ocasi\u00f3n, Flor estar\u00e1 acompa\u00f1ada por:<\/p>\n\n\n\n<p><strong>Manu Navarro<\/strong> en guitarra<\/p>\n\n\n\n<p><strong>Nahuel Larisgoit\u00eda<\/strong> en guitarr\u00f3n<\/p>\n\n\n\n<p>Y contar\u00e1 con la participaci\u00f3n especial de <strong>Natalia Mart\u00ednez<\/strong> como artista invitada.<\/p>\n\n\n\n<p>Entradas: $18.000 en \u2014 <a href=\"http:\/\/www.clubsocialcambalache.com\">www.clubsocialcambalache.com<\/a><\/p>\n\n\n\n<p><strong>SOBRE FLOR GARC\u00cdA CASABAL<\/strong><\/p>\n\n\n\n<p>Flor Garc\u00eda Casabal es cantante e int\u00e9rprete de m\u00fasica argentina y latinoamericana, con un recorrido que abarca el tango y el folklore. Inici\u00f3 su formaci\u00f3n desde muy peque\u00f1a en coros de prestigio y desarroll\u00f3 una s\u00f3lida carrera como solista, compartiendo escenarios con referentes de la m\u00fasica popular.<\/p>\n\n\n\n<p>Actualmente integra el cuarteto vocal de tango Flores Negras, y en paralelo sostiene su camino solista con espect\u00e1culos donde la m\u00fasica dialoga con la poes\u00eda y la identidad cultural.<\/p>\n\n\n\n<p>Cuenta con cuatro trabajos discogr\u00e1ficos, entre ellos su m\u00e1s reciente \u00e1lbum \u201cHasta volverme brote\u201d (2024), centrado en repertorio de compositoras latinoamericanas. A lo largo de su trayectoria se ha presentado en importantes escenarios nacionales e internacionales, incluyendo giras por Europa y festivales de tango.<\/p>\n\n\n\n<p>Adem\u00e1s de su labor art\u00edstica, es fonoaudi\u00f3loga, docente y entrenadora vocal en la Universidad Nacional de las Artes.<\/p>\n","protected":false},"excerpt":{"rendered":"<p>9 de MAYO 21hs. CLUB SOCIAL CAMBALACHE. Defensa 1179 San Telmo \u2013 CABA. Entradas: \u00a0www.clubsocialcambalache.com\/detalles-y-registro\/sabado-9-de-mayo-21-hs-flor-garcia-casabal\u00a0 (o directamente en la web principal\u00a0www.clubsocialcambalache.com\u00a0). El pr\u00f3ximo 9 de mayo a las 21hs, la&hellip; <\/p>\n","protected":false},"author":11,"featured_media":254200,"comment_status":"closed","ping_status":"open","sticky":false,"template":"","format":"standard","meta":{"footnotes":""},"categories":[26,22],"tags":[],"class_list":["post-254199","post","type-post","status-publish","format-standard","has-post-thumbnail","hentry","category-destacados","category-eventos"],"_links":{"self":[{"href":"https:\/\/corrientesdetarde.com\/index.php\/wp-json\/wp\/v2\/posts\/254199","targetHints":{"allow":["GET"]}}],"collection":[{"href":"https:\/\/corrientesdetarde.com\/index.php\/wp-json\/wp\/v2\/posts"}],"about":[{"href":"https:\/\/corrientesdetarde.com\/index.php\/wp-json\/wp\/v2\/types\/post"}],"author":[{"embeddable":true,"href":"https:\/\/corrientesdetarde.com\/index.php\/wp-json\/wp\/v2\/users\/11"}],"replies":[{"embeddable":true,"href":"https:\/\/corrientesdetarde.com\/index.php\/wp-json\/wp\/v2\/comments?post=254199"}],"version-history":[{"count":1,"href":"https:\/\/corrientesdetarde.com\/index.php\/wp-json\/wp\/v2\/posts\/254199\/revisions"}],"predecessor-version":[{"id":254201,"href":"https:\/\/corrientesdetarde.com\/index.php\/wp-json\/wp\/v2\/posts\/254199\/revisions\/254201"}],"wp:featuredmedia":[{"embeddable":true,"href":"https:\/\/corrientesdetarde.com\/index.php\/wp-json\/wp\/v2\/media\/254200"}],"wp:attachment":[{"href":"https:\/\/corrientesdetarde.com\/index.php\/wp-json\/wp\/v2\/media?parent=254199"}],"wp:term":[{"taxonomy":"category","embeddable":true,"href":"https:\/\/corrientesdetarde.com\/index.php\/wp-json\/wp\/v2\/categories?post=254199"},{"taxonomy":"post_tag","embeddable":true,"href":"https:\/\/corrientesdetarde.com\/index.php\/wp-json\/wp\/v2\/tags?post=254199"}],"curies":[{"name":"wp","href":"https:\/\/api.w.org\/{rel}","templated":true}]}}