{"id":254208,"date":"2026-04-27T17:15:27","date_gmt":"2026-04-27T20:15:27","guid":{"rendered":"https:\/\/corrientesdetarde.com\/?p=254208"},"modified":"2026-04-27T17:15:34","modified_gmt":"2026-04-27T20:15:34","slug":"juana-viale-se-quedo-con-el-martin-fierro-de-oro-de-la-moda","status":"publish","type":"post","link":"https:\/\/corrientesdetarde.com\/index.php\/espectaculos\/juana-viale-se-quedo-con-el-martin-fierro-de-oro-de-la-moda\/","title":{"rendered":"Juana Viale se qued\u00f3 con el Mart\u00edn Fierro de Oro de la Moda"},"content":{"rendered":"\n<p>Aptra llev\u00f3 a cabo este domingo una nueva edici\u00f3n de los Mart\u00edn Fierro a la Moda. Todos los detalles de la ceremonia.<\/p>\n\n\n\n<p>Se llev\u00f3 a cabo este domingo una nueva edici\u00f3n de los Premios Mart\u00edn Fierro de la Moda, el tradicional reconocimiento que otorga la Asociaci\u00f3n de Periodistas de la Televisi\u00f3n y la Radiofon\u00eda Argentina (Aptra) a lo m\u00e1s destacado de la industria fashion en el pa\u00eds durante 2025.<\/p>\n\n\n\n<p><br>La velada tuvo lugar desde las 21 con una alfombra roja que promet\u00eda ser uno de los grandes atractivos de la jornada. All\u00ed desfilaron dise\u00f1adores, modelos y celebridades con apuestas de alto impacto, bajo la conducci\u00f3n de Leandro Leunis y Zaira Nara.<\/p>\n\n\n\n<p><br>Luego fue el turno de la ceremonia principal, que cont\u00f3 con la presencia de dos referentes indiscutidos del estilo: Valeria Mazza e Iv\u00e1n de Pineda, quienes estuvieron a cargo de conducir la entrega de premios y presentar cada una de las categor\u00edas.<br>&nbsp;<br><br><strong>Todos los ganadores de los Mart\u00edn Fierro de la Moda 2026<\/strong><br>Mart\u00edn Fierro de Oro &#8211; Juana Viale<\/p>\n\n\n\n<p>Mejor estilo en redes<\/p>\n\n\n\n<p>Carolina &#8220;Pampita&#8221; Ardohain (ganadora)<br>Valentina Zenere<br>Martita Fort<br>Tefi Russo<br>Mejor dise\u00f1ador de moda masculina<\/p>\n\n\n\n<p>Mat\u00edas Carbone<br>Nicol\u00e1s Zaffora (ganador)<br>Sebasti\u00e1n Raimondi<br>Mejor estilo femenino en streaming<\/p>\n\n\n\n<p>Momi Giardina (Telef\u00e9 \u2013 Luzu)<br>Evelyn Botto (Olga) (ganadora)<br>Flor Jazm\u00edn Pe\u00f1a (Luzu)<br>Nati Jota (Telef\u00e9 \u2013 Olga)<br>Mejor estilo masculino en Big Show<\/p>\n\n\n\n<p>Ale Sergi (La Voz Argentina)<br>Nico Occhiato (La Voz Argentina) (ganador)<br>Luck Ra (La Voz Argentina)<br>Mejor estilo panelista femenina<\/p>\n\n\n\n<p>Anal\u00eda Franch\u00edn (A la Barbarrossa)<br>Carolina Molinari (Puro Show)<br>Sol P\u00e9rez (Gran Hermano) (ganadora)<br>Actor con mejor estilo en ficci\u00f3n<\/p>\n\n\n\n<p>Benjam\u00edn Vicu\u00f1a (Coraz\u00f3n delator) (ganador)<br>Franco Masini (El Retorno)<br>Leonardo Sbaraglia (Menem)<br>Mejor influencer de moda<\/p>\n\n\n\n<p>Zaira Nara (ganadora)<br>Stephanie Demner<br>Zuzu Codeu<br>Mejor estilo en conducci\u00f3n femenina en programa diario<\/p>\n\n\n\n<p>Vero Lozano (Cort\u00e1 por Lozano) (ganadora)<br>Yanina Latorre (SQP)<br>Mariana Fabbiani (DDM)<br>Flor de la V (Los Profesionales)<br>Mejor estia<\/p>\n\n\n\n<p>Mariana Garc\u00eda Navarro \u2013 Nacho Garc\u00eda Rocha (Los Garc\u00eda) (ganadores)<br>Romina Giangreco<br>Celina Lattanzio (Negra Negra)<br>Mejor peluquero<\/p>\n\n\n\n<p>Max Jara (ganador)<br>Mauro Max De Brito<br>Facu D\u00edaz (Niche Studio)<br>Cristian Rey<br>Mejor estilo panelista masculino<\/p>\n\n\n\n<p>Hern\u00e1n Drago (Los 8 Escalones)<br>Fabi\u00e1n Paz (DDM)<br>Lizardo Ponce (SQP) (ganador)<br>Gast\u00f3n Trezeguet (Gran Hermano)<br>Mejor estilo en conducci\u00f3n femenina en programa semanal<\/p>\n\n\n\n<p>Mirtha Legrand (La noche de Mirtha)<br>Juana Viale (Almorzando con Juana) (ganadora)<br>Tet\u00e9 Coustarot (Argentina, de pel\u00edcula)<br>Josefina &#8220;China&#8221; Ansa (Lado V)<br>Nuevo talento de la moda<\/p>\n\n\n\n<p>Valentina Schuchner (ganadora)<br>Luz Ballesteros<br>Anushka Elliot<br>Actriz con mejor estilo en ficci\u00f3n<\/p>\n\n\n\n<p>Griselda Siciliani (Envidiosa)<br>M\u00f3nica Anton\u00f3pulos (Menem)<br>Julieta Zylberberg (Yiya) (ganadora)<br>B\u00e1rbara Lombardo (Envidiosa)<br>Mejor maquillador\/a<\/p>\n\n\n\n<p>Mabby Autino<br>Vero Luna<br>Gervasio Larrivey (ganador)<br>Mejor estilo masculino en streaming<\/p>\n\n\n\n<p>Santi Talledo (Telefe \u2013 Luzu)<br>Grego Rossello (Telefe)<br>Fer Dente (Olga) (ganador)<br>Nacho Elizalde (Olga)<br>Mejor estilo femenino en Big Show<\/p>\n\n\n\n<p>Lali Esp\u00f3sito (La Voz Argentina)<br>Sof\u00eda Gonet (MasterChef Celebrity) (ganadora)<br>Wanda Nara (MasterChef Celebrity)<br>Carolina &#8220;Pampita&#8221; Ardohain (Los 8 Escalones)<br>Mejor estilo en conducci\u00f3n masculina<\/p>\n\n\n\n<p>Mario Pergolini (Otro d\u00eda perdido)<br>Iv\u00e1n de Pineda (Pasapalabra) (ganador)<br>H\u00e9ctor Maugeri (+Caras)<br>\u00c1ngel de Brito (LAM)<br>Mariano I\u00fadica (Pol\u00e9mica en el bar)<br>Mejor dise\u00f1ador\/a de moda femenina<\/p>\n\n\n\n<p>Evangelina Bomparola (ganadora)<br>Marcelo Senra<br>Juan Hern\u00e1ndez Daels<\/p>\n","protected":false},"excerpt":{"rendered":"<p>Aptra llev\u00f3 a cabo este domingo una nueva edici\u00f3n de los Mart\u00edn Fierro a la Moda. Todos los detalles de la ceremonia. Se llev\u00f3 a cabo este domingo una nueva&hellip; <\/p>\n","protected":false},"author":4,"featured_media":254209,"comment_status":"closed","ping_status":"open","sticky":false,"template":"","format":"standard","meta":{"footnotes":""},"categories":[19],"tags":[],"class_list":["post-254208","post","type-post","status-publish","format-standard","has-post-thumbnail","hentry","category-espectaculos"],"_links":{"self":[{"href":"https:\/\/corrientesdetarde.com\/index.php\/wp-json\/wp\/v2\/posts\/254208","targetHints":{"allow":["GET"]}}],"collection":[{"href":"https:\/\/corrientesdetarde.com\/index.php\/wp-json\/wp\/v2\/posts"}],"about":[{"href":"https:\/\/corrientesdetarde.com\/index.php\/wp-json\/wp\/v2\/types\/post"}],"author":[{"embeddable":true,"href":"https:\/\/corrientesdetarde.com\/index.php\/wp-json\/wp\/v2\/users\/4"}],"replies":[{"embeddable":true,"href":"https:\/\/corrientesdetarde.com\/index.php\/wp-json\/wp\/v2\/comments?post=254208"}],"version-history":[{"count":1,"href":"https:\/\/corrientesdetarde.com\/index.php\/wp-json\/wp\/v2\/posts\/254208\/revisions"}],"predecessor-version":[{"id":254210,"href":"https:\/\/corrientesdetarde.com\/index.php\/wp-json\/wp\/v2\/posts\/254208\/revisions\/254210"}],"wp:featuredmedia":[{"embeddable":true,"href":"https:\/\/corrientesdetarde.com\/index.php\/wp-json\/wp\/v2\/media\/254209"}],"wp:attachment":[{"href":"https:\/\/corrientesdetarde.com\/index.php\/wp-json\/wp\/v2\/media?parent=254208"}],"wp:term":[{"taxonomy":"category","embeddable":true,"href":"https:\/\/corrientesdetarde.com\/index.php\/wp-json\/wp\/v2\/categories?post=254208"},{"taxonomy":"post_tag","embeddable":true,"href":"https:\/\/corrientesdetarde.com\/index.php\/wp-json\/wp\/v2\/tags?post=254208"}],"curies":[{"name":"wp","href":"https:\/\/api.w.org\/{rel}","templated":true}]}}