{"id":254211,"date":"2026-04-27T18:44:50","date_gmt":"2026-04-27T21:44:50","guid":{"rendered":"https:\/\/corrientesdetarde.com\/?p=254211"},"modified":"2026-04-27T18:45:02","modified_gmt":"2026-04-27T21:45:02","slug":"valdes-puso-en-funciones-a-nuevas-autoridades-del-hospital-pediatrico","status":"publish","type":"post","link":"https:\/\/corrientesdetarde.com\/index.php\/actualidad\/valdes-puso-en-funciones-a-nuevas-autoridades-del-hospital-pediatrico\/","title":{"rendered":"Vald\u00e9s puso en funciones a nuevas autoridades del Hospital Pedi\u00e1trico"},"content":{"rendered":"\n<p><em>El gobernador Juan Pablo Vald\u00e9s en el Hospital Pedi\u00e1trico Juan Pablo II, puso en funciones a Graciela Casella y Romilio Monz\u00f3n como directora ejecutiva y director asociado, respectivamente, del nosocomio. Adem\u00e1s, revaloriz\u00f3 la importancia de la salud p\u00fablica a trav\u00e9s de la firma de un convenio.<\/em><br>&nbsp;<\/p>\n\n\n\n<p>A trav\u00e9s del Decreto N\u00b0868 y la Resoluci\u00f3n N\u00b01902, este lunes el gobernador Juan Pablo Vald\u00e9s puso en funciones a puso en funciones a Graciela Casella y Romilio Monz\u00f3n como directora ejecutiva y director asociado, respectivamente y &nbsp;en la oportunidad, se rubric\u00f3 el convenio que otorga a FUN.CA.COR la tenencia de una fracci\u00f3n de terreno ubicada dentro del predio del Hospital Pedi\u00e1trico \u201cJuan Pablo II\u201d, en donde se instalar\u00e1 un segundo resonador de \u00faltima generaci\u00f3n y otros servicios que aporta la Fundaci\u00f3n.<\/p>\n\n\n\n<p>De esta forma, el mandatario destac\u00f3 el desempe\u00f1o del personal de salud que lleva adelante las atenciones en el nosocomio dando respuesta a cada uno de los correntinos diciendo que \u201cdesde mi rol de gobernador me siento muy orgulloso al ver a la salud p\u00fablica de Corrientes avanzar y del enorme esfuerzo que hacen todos los d\u00edas en el hospital, representando al Estado provincial\u201d.<\/p>\n\n\n\n<p>A su vez, brind\u00f3 un c\u00e1lido recibimiento a las nuevas autoridades expresando: \u201cEspero que tengan la misma pasi\u00f3n en la conducci\u00f3n\u201d, ya que, si bien \u201cno es una tarea sencilla, pero debemos seguir trabajando con un servicio de calidad\u201d, agreg\u00f3. \u201cEn la provincia tenemos mucho trabajo por delante y estamos trabajando para dar m\u00e1s respuestas\u201d, remarc\u00f3 haciendo hincapi\u00e9 en el compromiso del Gobierno de Corrientes con la salud p\u00fablica.<\/p>\n\n\n\n<p><strong>La salud de Corrientes est\u00e1 de pie<\/strong><\/p>\n\n\n\n<p>El ministro de Salud P\u00fablica, Emilio Lanari, expres\u00f3 que es \u201cun honor muy especial poner en funciones a Graciela Cassella y a Romilio Monz\u00f3n, en quienes conf\u00edo plenamente y en todo el grupo que los acompa\u00f1a. Y remarc\u00f3 que el Juan Pablo II \u201ces un hospital que es un orgullo para Corrientes, que sigue creciendo\u201d. \u201cLa salud de Corrientes est\u00e1 de pie, junto a la gente\u201d, subray\u00f3.<\/p>\n\n\n\n<p><strong>Nueva conducci\u00f3n<\/strong><\/p>\n\n\n\n<p>La nueva directora, Graciela Cassella, m\u00e9dica pediatra con m\u00e1s de 40 a\u00f1os de trayectoria dedicada a la salud infantil y a la emergentolog\u00eda incorporada hace 28 a\u00f1os al staff de la Emergencia del Hospital Pedi\u00e1trico, agradeci\u00f3 a las autoridades provinciales, al equipo de dicha instituci\u00f3n, porque \u201ceste cargo que hoy asumo no lo voy a poder cumplir si no tengo la ayuda de todos\u201d. Se\u00f1al\u00f3 as\u00ed que \u201cel hospital edilicio son paredes y puertas, pero la esencia es su gente, que le pone d\u00eda a d\u00eda la fuerza para que todo se solucione de la mejor manera\u201d, teniendo en cuenta que \u201cnuestros peque\u00f1os pacientes, en un alto porcentaje tienen carencias, y, por eso nosotros tenemos que trabajar para dar lo mejor&#8221;.<\/p>\n","protected":false},"excerpt":{"rendered":"<p>El gobernador Juan Pablo Vald\u00e9s en el Hospital Pedi\u00e1trico Juan Pablo II, puso en funciones a Graciela Casella y Romilio Monz\u00f3n como directora ejecutiva y director asociado, respectivamente, del nosocomio.&hellip; <\/p>\n","protected":false},"author":4,"featured_media":254212,"comment_status":"closed","ping_status":"open","sticky":false,"template":"","format":"standard","meta":{"footnotes":""},"categories":[23],"tags":[],"class_list":["post-254211","post","type-post","status-publish","format-standard","has-post-thumbnail","hentry","category-actualidad"],"_links":{"self":[{"href":"https:\/\/corrientesdetarde.com\/index.php\/wp-json\/wp\/v2\/posts\/254211","targetHints":{"allow":["GET"]}}],"collection":[{"href":"https:\/\/corrientesdetarde.com\/index.php\/wp-json\/wp\/v2\/posts"}],"about":[{"href":"https:\/\/corrientesdetarde.com\/index.php\/wp-json\/wp\/v2\/types\/post"}],"author":[{"embeddable":true,"href":"https:\/\/corrientesdetarde.com\/index.php\/wp-json\/wp\/v2\/users\/4"}],"replies":[{"embeddable":true,"href":"https:\/\/corrientesdetarde.com\/index.php\/wp-json\/wp\/v2\/comments?post=254211"}],"version-history":[{"count":1,"href":"https:\/\/corrientesdetarde.com\/index.php\/wp-json\/wp\/v2\/posts\/254211\/revisions"}],"predecessor-version":[{"id":254213,"href":"https:\/\/corrientesdetarde.com\/index.php\/wp-json\/wp\/v2\/posts\/254211\/revisions\/254213"}],"wp:featuredmedia":[{"embeddable":true,"href":"https:\/\/corrientesdetarde.com\/index.php\/wp-json\/wp\/v2\/media\/254212"}],"wp:attachment":[{"href":"https:\/\/corrientesdetarde.com\/index.php\/wp-json\/wp\/v2\/media?parent=254211"}],"wp:term":[{"taxonomy":"category","embeddable":true,"href":"https:\/\/corrientesdetarde.com\/index.php\/wp-json\/wp\/v2\/categories?post=254211"},{"taxonomy":"post_tag","embeddable":true,"href":"https:\/\/corrientesdetarde.com\/index.php\/wp-json\/wp\/v2\/tags?post=254211"}],"curies":[{"name":"wp","href":"https:\/\/api.w.org\/{rel}","templated":true}]}}