{"id":254217,"date":"2026-04-27T18:47:45","date_gmt":"2026-04-27T21:47:45","guid":{"rendered":"https:\/\/corrientesdetarde.com\/?p=254217"},"modified":"2026-04-27T18:47:57","modified_gmt":"2026-04-27T21:47:57","slug":"comenzo-el-juicio-por-un-homicidio-agravado-dos-hombres-imputados-por-matar-a-un-joven","status":"publish","type":"post","link":"https:\/\/corrientesdetarde.com\/index.php\/policiales\/comenzo-el-juicio-por-un-homicidio-agravado-dos-hombres-imputados-por-matar-a-un-joven\/","title":{"rendered":"Comenz\u00f3 el juicio por un homicidio agravado: dos hombres imputados por matar a un joven"},"content":{"rendered":"\n<p>Dos personas est\u00e1n imputadas como coautoras del crimen ocurrido en julio de 2024, que tuvo como v\u00edctima a un joven de 27 a\u00f1os. El debate se inici\u00f3 hoy con alegatos de apertura y la declaraci\u00f3n de los primeros testigos.<\/p>\n\n\n\n<p>Comenz\u00f3 hoy, lunes 27 de abril, el juicio oral por un caso de homicidio agravado con ensa\u00f1amiento y uso de arma de fuego, ocurrido en la ciudad de Paso de los Libres, en el que se encuentran imputados Federico Orlando Duarte y Andrea Fernanda Franco.<\/p>\n\n\n\n<p>La v\u00edctima es Jorge Alfredo Duarte, quien ten\u00eda 27 a\u00f1os al momento del hecho. En la causa intervienen como querellantes los abogados Juan Carlos Coulleri y Fernando Fabi\u00e1n Colunga, mientras que las defensas est\u00e1n a cargo de los doctores Yonathan Andr\u00e9s Biaut y Rodrigo Olivera Mansilla.<\/p>\n\n\n\n<p>A los imputados se les atribuye el delito de homicidio agravado por el ensa\u00f1amiento y el uso de arma de fuego, en concurso real con portaci\u00f3n ileg\u00edtima de arma de fuego de uso civil, en car\u00e1cter de coautores.<\/p>\n\n\n\n<p>El hecho investigado<\/p>\n\n\n\n<p>De acuerdo con la acusaci\u00f3n, el hecho ocurri\u00f3 entre la noche del 5 y el 6 de julio de 2024, en una vivienda donde resid\u00edan los imputados. All\u00ed, la v\u00edctima habr\u00eda sido citada al domicilio y atacada en un contexto de indefensi\u00f3n.<\/p>\n\n\n\n<p>Seg\u00fan la reconstrucci\u00f3n fiscal, los acusados habr\u00edan utilizado un arma de fuego y posteriormente un arma blanca, provocando m\u00faltiples heridas. La imputaci\u00f3n sostiene que el ataque se produjo con un grado de violencia que le ocasion\u00f3 la muerte, y que luego el cuerpo fue ocultado en el patio de la vivienda, donde se habr\u00eda cavado un pozo para enterrarlo.<\/p>\n\n\n\n<p>Adem\u00e1s, se investiga que, tras el hecho, se habr\u00edan realizado tareas para eliminar rastros en el lugar.<\/p>\n\n\n\n<p>Desarrollo del juicio<\/p>\n\n\n\n<p>El proceso contar\u00e1 con 28 testigos, de los cuales 20 fueron ofrecidos por la fiscal\u00eda (9 de ellos compartidos con la querella), mientras que las defensas aportaron el resto.<\/p>\n\n\n\n<p>En la primera jornada de este lunes se realizar\u00e1 la apertura del debate, los alegatos iniciales y la declaraci\u00f3n de los primeros testigos.<\/p>\n\n\n\n<p>Las audiencias continuar\u00e1n los d\u00edas 28, 29 y 30 de abril, y el 4 de mayo, siempre desde las 8 horas, con la recepci\u00f3n de testimonios, incorporaci\u00f3n de prueba documental, exhibici\u00f3n de evidencias y, finalmente, los alegatos de clausura.<\/p>\n","protected":false},"excerpt":{"rendered":"<p>Dos personas est\u00e1n imputadas como coautoras del crimen ocurrido en julio de 2024, que tuvo como v\u00edctima a un joven de 27 a\u00f1os. El debate se inici\u00f3 hoy con alegatos&hellip; <\/p>\n","protected":false},"author":4,"featured_media":254218,"comment_status":"closed","ping_status":"open","sticky":false,"template":"","format":"standard","meta":{"footnotes":""},"categories":[33],"tags":[],"class_list":["post-254217","post","type-post","status-publish","format-standard","has-post-thumbnail","hentry","category-policiales"],"_links":{"self":[{"href":"https:\/\/corrientesdetarde.com\/index.php\/wp-json\/wp\/v2\/posts\/254217","targetHints":{"allow":["GET"]}}],"collection":[{"href":"https:\/\/corrientesdetarde.com\/index.php\/wp-json\/wp\/v2\/posts"}],"about":[{"href":"https:\/\/corrientesdetarde.com\/index.php\/wp-json\/wp\/v2\/types\/post"}],"author":[{"embeddable":true,"href":"https:\/\/corrientesdetarde.com\/index.php\/wp-json\/wp\/v2\/users\/4"}],"replies":[{"embeddable":true,"href":"https:\/\/corrientesdetarde.com\/index.php\/wp-json\/wp\/v2\/comments?post=254217"}],"version-history":[{"count":1,"href":"https:\/\/corrientesdetarde.com\/index.php\/wp-json\/wp\/v2\/posts\/254217\/revisions"}],"predecessor-version":[{"id":254219,"href":"https:\/\/corrientesdetarde.com\/index.php\/wp-json\/wp\/v2\/posts\/254217\/revisions\/254219"}],"wp:featuredmedia":[{"embeddable":true,"href":"https:\/\/corrientesdetarde.com\/index.php\/wp-json\/wp\/v2\/media\/254218"}],"wp:attachment":[{"href":"https:\/\/corrientesdetarde.com\/index.php\/wp-json\/wp\/v2\/media?parent=254217"}],"wp:term":[{"taxonomy":"category","embeddable":true,"href":"https:\/\/corrientesdetarde.com\/index.php\/wp-json\/wp\/v2\/categories?post=254217"},{"taxonomy":"post_tag","embeddable":true,"href":"https:\/\/corrientesdetarde.com\/index.php\/wp-json\/wp\/v2\/tags?post=254217"}],"curies":[{"name":"wp","href":"https:\/\/api.w.org\/{rel}","templated":true}]}}