{"id":254226,"date":"2026-04-27T18:53:40","date_gmt":"2026-04-27T21:53:40","guid":{"rendered":"https:\/\/corrientesdetarde.com\/?p=254226"},"modified":"2026-04-27T18:53:48","modified_gmt":"2026-04-27T21:53:48","slug":"se-realizo-una-jornada-de-primeros-auxilios-en-el-instituto-nuestro-futuro","status":"publish","type":"post","link":"https:\/\/corrientesdetarde.com\/index.php\/destacados\/se-realizo-una-jornada-de-primeros-auxilios-en-el-instituto-nuestro-futuro\/","title":{"rendered":"Se realiz\u00f3 una jornada de primeros auxilios en el Instituto Nuestro Futuro"},"content":{"rendered":"\n<p><em>La actividad fue organizada por la Subsecretar\u00eda de Seguridad Ciudadana y abord\u00f3 t\u00e9cnicas de RCP y maniobras de emergencia para alumnos y docentes.<\/em><\/p>\n\n\n\n<p>En el marco de los programas de prevenci\u00f3n y concientizaci\u00f3n comunitaria, se llev\u00f3 a cabo una charla formativa sobre primeros auxilios en las instalaciones del Instituto Nuestro Futuro. El encuentro tuvo como objetivo principal brindar herramientas t\u00e9cnicas y te\u00f3ricas para actuar de manera eficaz ante situaciones de riesgo de vida.<\/p>\n\n\n\n<p>La jornada fue impulsada por la Subsecretar\u00eda de Seguridad Ciudadana, dependiente del Ministerio de Seguridad, y cont\u00f3 con la presencia del titular del \u00e1rea, el Dr. Oscar Mart\u00ednez. Durante la capacitaci\u00f3n, se instruy\u00f3 a los asistentes en maniobras de Reanimaci\u00f3n Cardiopulmonar (RCP) y otros procedimientos esenciales de intervenci\u00f3n inmediata.<\/p>\n\n\n\n<p>Uno de los ejes centrales de la charla fue la adaptaci\u00f3n de estos contenidos para los m\u00e1s j\u00f3venes. Los capacitadores hicieron hincapi\u00e9 en la importancia de que los ni\u00f1os y adolescentes adquieran conocimientos sobre c\u00f3mo reaccionar ante accidentes dom\u00e9sticos, fomentando la cultura del cuidado mutuo y la preparaci\u00f3n frente a imprevistos en el hogar o el \u00e1mbito escolar.<\/p>\n\n\n\n<p>Con esta iniciativa, se busca descentralizar el conocimiento t\u00e9cnico en emergencias m\u00e9dicas, permitiendo que tanto docentes como alumnos cuenten con la capacidad de respuesta necesaria hasta la llegada de los profesionales de salud.<\/p>\n","protected":false},"excerpt":{"rendered":"<p>La actividad fue organizada por la Subsecretar\u00eda de Seguridad Ciudadana y abord\u00f3 t\u00e9cnicas de RCP y maniobras de emergencia para alumnos y docentes. En el marco de los programas de&hellip; <\/p>\n","protected":false},"author":4,"featured_media":254227,"comment_status":"closed","ping_status":"open","sticky":false,"template":"","format":"standard","meta":{"footnotes":""},"categories":[26],"tags":[],"class_list":["post-254226","post","type-post","status-publish","format-standard","has-post-thumbnail","hentry","category-destacados"],"_links":{"self":[{"href":"https:\/\/corrientesdetarde.com\/index.php\/wp-json\/wp\/v2\/posts\/254226","targetHints":{"allow":["GET"]}}],"collection":[{"href":"https:\/\/corrientesdetarde.com\/index.php\/wp-json\/wp\/v2\/posts"}],"about":[{"href":"https:\/\/corrientesdetarde.com\/index.php\/wp-json\/wp\/v2\/types\/post"}],"author":[{"embeddable":true,"href":"https:\/\/corrientesdetarde.com\/index.php\/wp-json\/wp\/v2\/users\/4"}],"replies":[{"embeddable":true,"href":"https:\/\/corrientesdetarde.com\/index.php\/wp-json\/wp\/v2\/comments?post=254226"}],"version-history":[{"count":1,"href":"https:\/\/corrientesdetarde.com\/index.php\/wp-json\/wp\/v2\/posts\/254226\/revisions"}],"predecessor-version":[{"id":254228,"href":"https:\/\/corrientesdetarde.com\/index.php\/wp-json\/wp\/v2\/posts\/254226\/revisions\/254228"}],"wp:featuredmedia":[{"embeddable":true,"href":"https:\/\/corrientesdetarde.com\/index.php\/wp-json\/wp\/v2\/media\/254227"}],"wp:attachment":[{"href":"https:\/\/corrientesdetarde.com\/index.php\/wp-json\/wp\/v2\/media?parent=254226"}],"wp:term":[{"taxonomy":"category","embeddable":true,"href":"https:\/\/corrientesdetarde.com\/index.php\/wp-json\/wp\/v2\/categories?post=254226"},{"taxonomy":"post_tag","embeddable":true,"href":"https:\/\/corrientesdetarde.com\/index.php\/wp-json\/wp\/v2\/tags?post=254226"}],"curies":[{"name":"wp","href":"https:\/\/api.w.org\/{rel}","templated":true}]}}