{"id":254235,"date":"2026-04-28T08:22:42","date_gmt":"2026-04-28T11:22:42","guid":{"rendered":"https:\/\/corrientesdetarde.com\/?p=254235"},"modified":"2026-04-28T08:22:54","modified_gmt":"2026-04-28T11:22:54","slug":"gobernadores-evaluan-si-toman-distancia-de-las-primarias-abiertas","status":"publish","type":"post","link":"https:\/\/corrientesdetarde.com\/index.php\/politica\/gobernadores-evaluan-si-toman-distancia-de-las-primarias-abiertas\/","title":{"rendered":"Gobernadores eval\u00faan si toman distancia de las primarias abiertas"},"content":{"rendered":"\n<p>No habr\u00eda pleno acompa\u00f1amiento a la propuesta de reforma electoral de Milei por parte de las provincias. Jaldo se manifest\u00f3 en contra, Jalil y Llaryora expresaron indefiniciones y Corrientes impulsa una alternativa.<a href=\"https:\/\/api.whatsapp.com\/send?text=Gobernadores%20eval%C3%BAan%20si%20toman%20distancia%20de%20las%20primarias%20abiertas%20-%20https:\/\/www.diarioepoca.com\/1379030-gobernadores-evaluan-si-toman-distancia-de-las-primarias-abiertas?utm_source=WhatsApp%26utm_medium=WhatsApp%26utm_campaign=WhatsApp%26utm_term=WhatsApp\" target=\"_blank\" rel=\"noreferrer noopener\"><\/a><a href=\"https:\/\/www.diarioepoca.com\/1379030-gobernadores-evaluan-si-toman-distancia-de-las-primarias-abiertas#\"><\/a><a href=\"https:\/\/www.diarioepoca.com\/1379030-gobernadores-evaluan-si-toman-distancia-de-las-primarias-abiertas#\"><\/a><\/p>\n\n\n\n<p>La reforma electoral que impulsa el presidente Javier Milei no tendr\u00eda unanimidad entre las provincias aliadas y dialoguistas. Algunos gobernadores manifestaron su reticencia a eliminar las Primarias Abiertas Simult\u00e1neas y Obligatorias (PASO) y desde Corrientes, el jefe de la bancada radical en el Senado, Eduardo Vischi, present\u00f3 un proyecto propio de comicios.<\/p>\n\n\n\n<p>Uno de los mandatarios que no escondi\u00f3 su resquemor fue el titular del Ejecutivo Provincial de Tucum\u00e1n, Osvaldo Jaldo. El habitual aliado en territorio legislativo de La Libertad Avanza opin\u00f3 que el Gobierno &#8220;est\u00e1 intentando hacerse un traje a medida en materia electoral. Mand\u00f3 no solo la eliminaci\u00f3n de las PASO sino un conjunto de medidas. Vienen por la eliminaci\u00f3n definitiva de las PASO&#8221;.<\/p>\n\n\n\n<p>En declaraciones a Canal 10, Jaldo consider\u00f3 que las primarias son &#8220;una herramienta de ordenamiento dentro de los partidos pol\u00edticos&#8221;. Esto se debe a que permiten que &#8220;cualquier ciudadano de la provincia que quiera ser candidato leg\u00edtimamente se pueda presentar y competir dentro de su espacio&#8221;. Indic\u00f3, adem\u00e1s, que eliminarlas es en perjuicio de todos los partidos pol\u00edticos, &#8220;pero fundamentalmente de los ciudadanos porque votan y quieren participar por lo que hay que darle herramientas que son las primarias&#8221;.<\/p>\n\n\n\n<p>Tucum\u00e1n es una de las provincias que ya confirm\u00f3 que desdoblar\u00e1 las elecciones el a\u00f1o entrante cuando elija gobernador. Ser\u00e1 entre mayo o junio. Y ya se observan los primeros s\u00edntomas de distancia ante la estrategia de LLA de colocar candidatos locales como lo hizo en Corrientes cuando el diputado nacional Lisandro Almir\u00f3n encabez\u00f3 la lista violeta por la Gobernaci\u00f3n. Entonces, se impuso el radical Juan Pablo Vald\u00e9s a trav\u00e9s de la alianza Vamos Corrientes.<\/p>\n\n\n\n<p>Los radicales presentaron un proyecto propio de elecciones primarias. Fue el senador nacional por Corrientes Eduardo Vischi quien promovi\u00f3 la propuesta de mantener dichas elecciones pero que no sean obligatorias, sino optativas, tanto para los electores como para las fuerzas pol\u00edticas. Es decir que, con estas condiciones, habr\u00e1 PASO si hay un porcentaje de ciudadanos interesados en participar y si hay real competencia entre los partidos o las alianzas.<\/p>\n\n\n\n<p>El tambi\u00e9n jefe de la bancada de la UCR en el Senado de la Naci\u00f3n explic\u00f3 que la iniciativa busca establecer un r\u00e9gimen moderno, austero y eficiente.<\/p>\n\n\n\n<p>No una &#8220;preencuesta electoral&#8221;, sino que efectivamente sea un mecanismo de democratizaci\u00f3n de los espacios pol\u00edticos. El Estado, a su vez, se plantea en el texto como el garante de dicha democratizaci\u00f3n y de la legitimidad del acto comicial.<\/p>\n\n\n\n<p>Otro de los puntos que llam\u00f3 la atenci\u00f3n en la propuesta del correntino es que flexibiliza las f\u00f3rmulas presidenciales. El precandidato ganador de una fuerza podr\u00e1 invitar al precandidato de la lista perdedora a ser candidato a vice en las elecciones generales.<\/p>\n\n\n\n<p>Esto ser\u00eda un punto favorable para alianzas como las que habitualmente manten\u00edan el PRO y la UCR en las presidenciales, por ejemplo.<\/p>\n\n\n\n<p>Algunos integrantes del sello amarillo que no saltaron a LLA y radicales, a\u00fan aliados a Milei, ven con buenos ojos la posibilidad de avanzar con unas primarias optativas. Esto significar\u00eda que los n\u00fameros no les dar\u00edan al oficialismo nacional si se tiene en cuenta la negativa de algunos mandatarios como Jaldo. El peronismo de Uni\u00f3n por la Patria ya anunci\u00f3 que rechazar\u00e1 la iniciativa del Ejecutivo Nacional.<\/p>\n\n\n\n<p>Dicho espacio cuenta en Diputados con tres legisladores nacionales por Corrientes que votan en t\u00e1ndem. Estos son Ra\u00fal &#8220;Rulo&#8221; Hadad, Nancy Sand y Christian Zulli. El radical Di\u00f3genes Gonz\u00e1lez ir\u00eda por la propuesta intermedia. Los libertarios Lisandro Almir\u00f3n y Virginia Gallardo, y su socio de ELI Federico Tournier votar\u00e1n a favor del oficialismo si la iniciativa llegase al recinto de la C\u00e1mara baja.<\/p>\n\n\n\n<p>El expediente dio inicio a su curso en la C\u00e1mara de Senadores de la Naci\u00f3n donde el tr\u00e1mite tendr\u00e1 su primera afrenta: la propuesta de primarias de los radicales. Vischi y su compa\u00f1era de banca Gabriela Valenzuela ir\u00edan por la iniciativa propia. Tambi\u00e9n se inclinar\u00eda hacia esa posibilidad Carlos Mauricio &#8220;Camau&#8221; Esp\u00ednola, hoy socio de Vald\u00e9s e integrante del espacio de Juan Schiaretti.<\/p>\n\n\n\n<p>La inc\u00f3gnita, no obstante, se mantiene entre los gobernadores de Santa Fe, el radical Maximiliano Pullaro y el mandatario de C\u00f3rdoba, Mart\u00edn Llaryora. Ambos pertenecen a Provincias Unidas.&#8221;Hay varios temas a analizar, pero vamos sin apuro&#8221;, dijo el peronista quien no apoy\u00f3 abiertamente la propuesta.<\/p>\n\n\n\n<p>Menos tajante con la eliminaci\u00f3n de las PASO se mostr\u00f3 el catamarque\u00f1o Ra\u00fal Jalil, quien suele votar junto a Jaldo. Jalil evit\u00f3 definiciones de peso, aunque no manifest\u00f3 su apoyo a la reforma electoral. &#8220;Hay que ver esta discusi\u00f3n pol\u00edtica que est\u00e1 introduciendo el tema de las PASO, a ver si conviene o no nos conviene&#8221;, dijo a Futurock. Tambi\u00e9n remarc\u00f3 que &#8220;las discusiones pol\u00edticas deben darse dentro de los partidos pol\u00edticos&#8221;.<\/p>\n\n\n\n<p>La Casa Rosada, sin embargo, descuenta que tendr\u00e1 el apoyo de los titulares de Ejecutivos Provinciales que entrelazaron alianzas con LLA en sus distritos. Estos son los radicales Alfredo Cornejo (Mendoza) y Leandro Zdero (Chaco), y del PRO, Rogelio Frigerio (Entre R\u00edos). Los tres mantuvieron encuentros recientes con Karina Milei, con quien revalidaron sus sociedades.<\/p>\n\n\n\n<p>Mientras tanto, se espera un nuevo recorrido del ministro del Interior, Diego Santilli, por las provincias. Muchas ya preparan las carpetas de demandas de obras p\u00fablicas.<\/p>\n\n\n\n<p>Recientemente, el Gobierno nacional dio como un gesto de buena voluntad la delegaci\u00f3n en las provincias la posibilidad de administrar las concesiones de obras de algunos tramos de rutas nacionales. Corrientes integra ese grupo.<\/p>\n\n\n\n<p>En este escenario, el debate por la reforma electoral promete intensificarse en las pr\u00f3ximas semanas, con posiciones a\u00fan abiertas y negociaciones en curso entre oficialismo y oposici\u00f3n. La falta de consensos claros anticipa un tratamiento legislativo complejo, donde cada voto ser\u00e1 determinante para el futuro del sistema electoral argentino.<\/p>\n\n\n\n<p>A su vez, distintos analistas advierten que la discusi\u00f3n excede lo t\u00e9cnico y se inscribe en una puja pol\u00edtica m\u00e1s amplia de cara a los pr\u00f3ximos comicios. La definici\u00f3n sobre las PASO no solo impactar\u00e1 en la organizaci\u00f3n de las elecciones, sino tambi\u00e9n en la din\u00e1mica interna de los partidos y en la construcci\u00f3n de alianzas.<\/p>\n","protected":false},"excerpt":{"rendered":"<p>No habr\u00eda pleno acompa\u00f1amiento a la propuesta de reforma electoral de Milei por parte de las provincias. Jaldo se manifest\u00f3 en contra, Jalil y Llaryora expresaron indefiniciones y Corrientes impulsa&hellip; <\/p>\n","protected":false},"author":8,"featured_media":254236,"comment_status":"closed","ping_status":"open","sticky":false,"template":"","format":"standard","meta":{"footnotes":""},"categories":[3],"tags":[],"class_list":["post-254235","post","type-post","status-publish","format-standard","has-post-thumbnail","hentry","category-politica"],"_links":{"self":[{"href":"https:\/\/corrientesdetarde.com\/index.php\/wp-json\/wp\/v2\/posts\/254235","targetHints":{"allow":["GET"]}}],"collection":[{"href":"https:\/\/corrientesdetarde.com\/index.php\/wp-json\/wp\/v2\/posts"}],"about":[{"href":"https:\/\/corrientesdetarde.com\/index.php\/wp-json\/wp\/v2\/types\/post"}],"author":[{"embeddable":true,"href":"https:\/\/corrientesdetarde.com\/index.php\/wp-json\/wp\/v2\/users\/8"}],"replies":[{"embeddable":true,"href":"https:\/\/corrientesdetarde.com\/index.php\/wp-json\/wp\/v2\/comments?post=254235"}],"version-history":[{"count":1,"href":"https:\/\/corrientesdetarde.com\/index.php\/wp-json\/wp\/v2\/posts\/254235\/revisions"}],"predecessor-version":[{"id":254237,"href":"https:\/\/corrientesdetarde.com\/index.php\/wp-json\/wp\/v2\/posts\/254235\/revisions\/254237"}],"wp:featuredmedia":[{"embeddable":true,"href":"https:\/\/corrientesdetarde.com\/index.php\/wp-json\/wp\/v2\/media\/254236"}],"wp:attachment":[{"href":"https:\/\/corrientesdetarde.com\/index.php\/wp-json\/wp\/v2\/media?parent=254235"}],"wp:term":[{"taxonomy":"category","embeddable":true,"href":"https:\/\/corrientesdetarde.com\/index.php\/wp-json\/wp\/v2\/categories?post=254235"},{"taxonomy":"post_tag","embeddable":true,"href":"https:\/\/corrientesdetarde.com\/index.php\/wp-json\/wp\/v2\/tags?post=254235"}],"curies":[{"name":"wp","href":"https:\/\/api.w.org\/{rel}","templated":true}]}}