{"id":254257,"date":"2026-04-28T09:42:05","date_gmt":"2026-04-28T12:42:05","guid":{"rendered":"https:\/\/corrientesdetarde.com\/?p=254257"},"modified":"2026-04-28T09:42:18","modified_gmt":"2026-04-28T12:42:18","slug":"el-sorpresivo-gesto-que-tuvo-nicole-neumann-con-su-hija-tras-la-polemica-por-la-fiesta-de-15","status":"publish","type":"post","link":"https:\/\/corrientesdetarde.com\/index.php\/espectaculos\/el-sorpresivo-gesto-que-tuvo-nicole-neumann-con-su-hija-tras-la-polemica-por-la-fiesta-de-15\/","title":{"rendered":"El sorpresivo gesto que tuvo Nicole Neumann con su hija tras la pol\u00e9mica por la fiesta de 15"},"content":{"rendered":"\n<p>La modelo llam\u00f3 la atenci\u00f3n en sus redes sociales despu\u00e9s del megaevento organizado por Mica Viciconte.<\/p>\n\n\n\n<p><strong>Nicole Neumann<\/strong>\u00a0caus\u00f3 sorpresa en las redes sociales con el gesto que tuvo d\u00edas despu\u00e9s de la fiesta de 15 de su hija\u00a0<strong>Allegra Cubero<\/strong>\u00a0organizada por <strong>Mica Viciconte<\/strong>\u00a0y Fabi\u00e1n Cubero.<\/p>\n\n\n\n<p>En medio de la pol\u00e9mica por las cr\u00edticas que hubo hacia el evento, la modelo prefiri\u00f3 no meterse en el esc\u00e1ndalo. Por el contrario,<strong>\u00a0expres\u00f3 su entusiasmo<\/strong>\u00a0por los looks que luci\u00f3 la adolescente.<\/p>\n\n\n\n<p>A trav\u00e9s de sus historias de Instagram, Nicole public\u00f3 fotos de los tres cambios de vestuario que tuvo Allegra en su noche especial.&nbsp;<strong>\u201cGracias Laurencio Adotr por este vestidazo para mi reina\u201d<\/strong>, dijo por el&nbsp;<em>look&nbsp;<\/em>principal.<\/p>\n\n\n\n<figure class=\"wp-block-image\"><img decoding=\"async\" src=\"https:\/\/tn.com.ar\/resizer\/v2\/nicole-neumann-le-agradecio-a-laurencio-adot-por-el-vestido-que-diseno-para-allegra-cubero-foto-instagramnikitaneumannoficial-W6U42BUJ6BBI3IP5ABNYTBTGOA.jpg?auth=f04620db70ec4e641a8035e24942f2ffb3af5a4f15a326de2fd5b28ed2dba3bd&amp;width=767\" alt=\"Nicole Neumann le agradeci\u00f3 a Laurencio Adot por el vestido que dise\u00f1\u00f3 para Allegra Cubero. (Foto: Instagram\/nikitaneumannoficial)\"\/><\/figure>\n\n\n\n<p>Luego, mostr\u00f3 los otros dos vestidos: ambos blancos y cortos, ideales para estar m\u00e1s c\u00f3moda en las tandas de baile.&nbsp;<strong>\u201cDios\u00edsima\u201d<\/strong>, escribi\u00f3 la top model con orgullo por c\u00f3mo le quedaron los looks a su hija.<\/p>\n\n\n\n<figure class=\"wp-block-image\"><img decoding=\"async\" src=\"https:\/\/tn.com.ar\/resizer\/v2\/los-otros-dos-cambios-de-vestuario-de-allegra-foto-instagramnikitaneumannoficial-MTAFCKUJUVA2XDF7GSX5CYDFQA.jpg?auth=075dab49461cc18b122ceb9e7a339eac738ede417cf55f568f39364c7f2e5b49&amp;width=767\" alt=\"Los otros dos cambios de vestuario de Allegra. (Foto: Instagram\/nikitaneumannoficial)\"\/><\/figure>\n\n\n\n<p>De esa manera, Nicole les demostr\u00f3 a sus seguidores que estuvo presente y acompa\u00f1\u00f3 a Allegra en<strong>&nbsp;la elecci\u00f3n y el dise\u00f1o de los vestidos<\/strong>, uno de los detalles m\u00e1s importantes de la fiesta de 15.<\/p>\n\n\n\n<figure class=\"wp-block-image\"><img decoding=\"async\" src=\"https:\/\/tn.com.ar\/resizer\/v2\/nicole-mostro-el-look-principal-que-uso-su-hija-foto-instagramnikitaneumannoficial-S3OM5XFM6JDZFCYWASAP3IRDXE.jpg?auth=934163894f75e1d3c6011fe15e7e844c941e1643b13d97db874af873fe6259cc&amp;width=767\" alt=\"Nicole mostr\u00f3 el look principal que us\u00f3 su hija. (Foto: Instagram\/nikitaneumannoficial)\"\/><\/figure>\n\n\n\n<h2 class=\"wp-block-heading\">El conflicto por el vestido que Allegra Cubero us\u00f3 en su cumplea\u00f1os de 15<\/h2>\n\n\n\n<p>El evento gener\u00f3 mucha expectativa, pero tambi\u00e9n&nbsp;<strong>sum\u00f3 un nuevo cap\u00edtulo a las internas entre la pareja y Nicole Neumann.<\/strong>&nbsp;Dentro de este contexto, surgi\u00f3 una voz inesperada que se sum\u00f3 al conflicto:&nbsp;<strong>Laurencio Adot<\/strong>, el dise\u00f1ador elegido por Allegra para sus vestidos,&nbsp;<strong>no fue invitado al evento.<\/strong><\/p>\n\n\n\n<p><strong>\u201cNo estoy invitado, pero le hice el vestido y estuvo todo muy bien. Creo que lo va a usar&#8230; digo creo porque ya no s\u00e9&#8230; las chicas cambian\u201d<\/strong>, dijo y gener\u00f3 sorpresa entre los noteros que lo entrevistaron a su salida de un evento.<\/p>\n\n\n\n<figure class=\"wp-block-image\"><img decoding=\"async\" src=\"https:\/\/tn.com.ar\/resizer\/v2\/allegra-cubero-festejo-sus-15-anos-a-juego-con-su-familia-foto-lightpixelproducciones-ZRQZUPCJV5D6TE7AZBFHX6CKFE.jpg?auth=61092f1fe435295663cecbfde0b8480aade6782b86e640e1ecc40b465a40d5ea&amp;width=767\" alt=\"Allegra Cubero festej\u00f3 sus 15 a\u00f1os a juego con su familia. (Foto: @lightpixelproducciones)\"\/><\/figure>\n\n\n\n<p>Aunque en su entorno reconocen cierto malestar, Adot evit\u00f3 profundizar en la pol\u00e9mica y baj\u00f3 el tono. Aun as\u00ed,&nbsp;<strong>su situaci\u00f3n reflej\u00f3 parte del clima que rode\u00f3 a la fiesta.<\/strong><\/p>\n\n\n\n<p>Por \u00faltimo, el dise\u00f1ador tambi\u00e9n habl\u00f3 de Nicole Neumann y la respald\u00f3 p\u00fablicamente.<strong>&nbsp;\u201cEst\u00e1 feliz con sus hijas, las acompa\u00f1a siempre y la verdad, la tiene ella. Es una madraza\u201d<\/strong>, asegur\u00f3, en medio de una interna que sigue dando que hablar.<\/p>\n","protected":false},"excerpt":{"rendered":"<p>La modelo llam\u00f3 la atenci\u00f3n en sus redes sociales despu\u00e9s del megaevento organizado por Mica Viciconte. Nicole Neumann\u00a0caus\u00f3 sorpresa en las redes sociales con el gesto que tuvo d\u00edas despu\u00e9s&hellip; <\/p>\n","protected":false},"author":8,"featured_media":254258,"comment_status":"closed","ping_status":"open","sticky":false,"template":"","format":"standard","meta":{"footnotes":""},"categories":[19],"tags":[],"class_list":["post-254257","post","type-post","status-publish","format-standard","has-post-thumbnail","hentry","category-espectaculos"],"_links":{"self":[{"href":"https:\/\/corrientesdetarde.com\/index.php\/wp-json\/wp\/v2\/posts\/254257","targetHints":{"allow":["GET"]}}],"collection":[{"href":"https:\/\/corrientesdetarde.com\/index.php\/wp-json\/wp\/v2\/posts"}],"about":[{"href":"https:\/\/corrientesdetarde.com\/index.php\/wp-json\/wp\/v2\/types\/post"}],"author":[{"embeddable":true,"href":"https:\/\/corrientesdetarde.com\/index.php\/wp-json\/wp\/v2\/users\/8"}],"replies":[{"embeddable":true,"href":"https:\/\/corrientesdetarde.com\/index.php\/wp-json\/wp\/v2\/comments?post=254257"}],"version-history":[{"count":1,"href":"https:\/\/corrientesdetarde.com\/index.php\/wp-json\/wp\/v2\/posts\/254257\/revisions"}],"predecessor-version":[{"id":254259,"href":"https:\/\/corrientesdetarde.com\/index.php\/wp-json\/wp\/v2\/posts\/254257\/revisions\/254259"}],"wp:featuredmedia":[{"embeddable":true,"href":"https:\/\/corrientesdetarde.com\/index.php\/wp-json\/wp\/v2\/media\/254258"}],"wp:attachment":[{"href":"https:\/\/corrientesdetarde.com\/index.php\/wp-json\/wp\/v2\/media?parent=254257"}],"wp:term":[{"taxonomy":"category","embeddable":true,"href":"https:\/\/corrientesdetarde.com\/index.php\/wp-json\/wp\/v2\/categories?post=254257"},{"taxonomy":"post_tag","embeddable":true,"href":"https:\/\/corrientesdetarde.com\/index.php\/wp-json\/wp\/v2\/tags?post=254257"}],"curies":[{"name":"wp","href":"https:\/\/api.w.org\/{rel}","templated":true}]}}