{"id":254260,"date":"2026-04-28T09:44:56","date_gmt":"2026-04-28T12:44:56","guid":{"rendered":"https:\/\/corrientesdetarde.com\/?p=254260"},"modified":"2026-04-28T09:45:08","modified_gmt":"2026-04-28T12:45:08","slug":"cayo-el-jardinero-el-posible-sucesor-de-el-mencho-en-el-cartel-jalisco-intentaba-huir-por-un-desague","status":"publish","type":"post","link":"https:\/\/corrientesdetarde.com\/index.php\/internacionales\/cayo-el-jardinero-el-posible-sucesor-de-el-mencho-en-el-cartel-jalisco-intentaba-huir-por-un-desague\/","title":{"rendered":"Cay\u00f3 \u201cEl Jardinero\u201d, el posible sucesor de \u201cEl Mencho\u201d en el Cartel Jalisco: intentaba huir por un desag\u00fce"},"content":{"rendered":"\n<p>Audias Flores Silva fue detenido \u201csin un solo disparo\u201d en Nayarit tras 19 meses de seguimiento. El Gobierno de M\u00e9xico pidi\u00f3 a la poblaci\u00f3n no salir de sus casas por temor a incidentes.<\/p>\n\n\n\n<p>El lunes, fuerzas federales mexicanas lograron la detenci\u00f3n de\u00a0<strong>Audias Flores Silva<\/strong>, conocido como\u00a0<strong>\u201cEl Jardinero\u201d\u00a0<\/strong>y se\u00f1alado como posible\u00a0<strong>sucesor de Nemesio \u201cEl Mencho\u201d Oseguera<\/strong>\u00a0en el\u00a0<strong>Cartel Jalisco Nueva Generaci\u00f3n\u00a0(CJNG)<\/strong>.<\/p>\n\n\n\n<p>La captura se produjo en el estado de\u00a0<strong>Nayarit<\/strong>, al oeste de M\u00e9xico, minetras el jefe narco\u00a0<strong>intentaba huir por un desag\u00fce\u00a0<\/strong>y fue confirmada por el secretario de Seguridad y Protecci\u00f3n Ciudadana,\u00a0<strong>Omar Garc\u00eda Harfuch<\/strong>.<\/p>\n\n\n\n<p>La noticia sacudi\u00f3 al pa\u00eds y a las autoridades estadounidenses, que&nbsp;<strong>ofrec\u00edan una recompensa de cinco millones de d\u00f3lares<\/strong>&nbsp;por informaci\u00f3n que permitiera dar con su paradero. El arresto se concret\u00f3 en una zona con fuerte presencia del CJNG, apenas&nbsp;<strong>dos meses despu\u00e9s de la muerte del Mencho<\/strong>, durante un operativo militar.<\/p>\n\n\n\n<h2 class=\"wp-block-heading\">C\u00f3mo fue la detenci\u00f3n del \u201cJardinero\u201d: 500 militares y \u201cni un solo disparo\u201d<\/h2>\n\n\n\n<p>Seg\u00fan detall\u00f3 Garc\u00eda Harfuch, la operaci\u00f3n fue \u201cplaneada, desarrollada y ejecutada\u201d por personal de la&nbsp;<strong>Secretar\u00eda de Marina (Semar)<\/strong>, tras&nbsp;<strong>19 meses de seguimiento e inteligencia<\/strong>&nbsp;y en coordinaci\u00f3n con agencias de Estados Unidos.<\/p>\n\n\n\n<p>El cabecilla del CJNG \u201cse encontraba&nbsp;<strong>resguardado en una caba\u00f1a<\/strong>, con un dispositivo de seguridad\u201d integrado por unas 30 camionetas y \u201cm\u00e1s de 60 personas\u201d armadas, detall\u00f3 el texto.<\/p>\n\n\n\n<figure class=\"wp-block-image\"><img decoding=\"async\" src=\"https:\/\/tn.com.ar\/resizer\/v2\/asi-era-el-lugar-donde-se-escondia-el-jardinero-foto-xoharfuch-LLVDDPU7SRGCPNTLID4SXEUAH4.jfif?auth=4ebb592af0701d961bc222d2686496bd6330b2427746dc4b2df869a730fdacb6&amp;width=767\" alt=\"As\u00ed era el lugar donde se escond\u00eda El Jardinero. (Foto: X\/OHarfuch).\"\/><\/figure>\n\n\n\n<p>El despliegue se efectu\u00f3 en la comunidad de El Mirador, con apoyo de&nbsp;<strong>cuatro helic\u00f3pteros y m\u00e1s de 500 militares<\/strong>. La secretar\u00eda de Marina destac\u00f3 que&nbsp;<strong>no requiri\u00f3 \u201cni un solo disparo\u201d<\/strong>.<\/p>\n\n\n\n<p>Cuando llegaron los militares, los escoltas de Flores se dispersaron \u201ca manera de distracci\u00f3n\u201d, pero el capo fue localizado y detenido \u201ccuando intentaba ocultarse en un conducto de desag\u00fce\u201d, indicaron las autoridades.<\/p>\n\n\n\n<p>Flores Silva ten\u00eda una orden de aprehensi\u00f3n en M\u00e9xico y era requerido por la justicia estadounidense con fines de extradici\u00f3n. Adem\u00e1s, contaba con una orden de reaprehensi\u00f3n de 2024 por homicidio y una solicitud de extradici\u00f3n por&nbsp;<strong>asociaci\u00f3n delictuosa contra la salud y portaci\u00f3n de arma de fuego<\/strong>.<\/p>\n\n\n\n<figure class=\"wp-block-image\"><img decoding=\"async\" src=\"https:\/\/tn.com.ar\/resizer\/v2\/junto-al-capo-narco-habia-unas-60-personas-armadas-foto-xoharfuch-PTEI4KUDF5C5JP66E5LR2A4WNU.jfif?auth=a7a6e3bcab2ff37c6a7a742050e4dd724718d059822f94765afe8a6afad49cca&amp;width=767\" alt=\"Junto al capo narco hab\u00eda unas 60 personas armadas (Foto: X\/OHarfuch).\"\/><\/figure>\n\n\n\n<p>En abril de 2021, el Gobierno de Estados Unidos lo incluy\u00f3 en una lista de sancionados, identific\u00e1ndolo como uno de los l\u00edderes regionales del CJNG. Seg\u00fan la\u00a0<strong>DEA<\/strong>\u00a0y el\u00a0<strong>Departamento del Tesoro<\/strong>, controlaba amplias zonas del Pac\u00edfico mexicano, especialmente Nayarit, y estaba vinculado al tr\u00e1fico de grandes cantidades de\u00a0<strong>opi\u00e1ceos y coca\u00edna<\/strong>.<\/p>\n\n\n\n<h2 class=\"wp-block-heading\">El rol de \u201cEl Jardinero\u201d en el CJNG y la reacci\u00f3n tras su arresto<\/h2>\n\n\n\n<p>Flores Silva, de 45 a\u00f1os, fue se\u00f1alado como la mano derecha de Oseguera y como responsable de\u00a0<strong>laboratorios de\u00a0metanfetamina, pistas clandestinas, avionetas, camiones de carga y veh\u00edculos de pasajeros<\/strong>\u00a0para transportar drogas desde Centroam\u00e9rica hacia M\u00e9xico y luego a Estados Unidos.<\/p>\n\n\n\n<figure class=\"wp-block-image\"><img decoding=\"async\" src=\"https:\/\/tn.com.ar\/resizer\/v2\/eeuu-ofrecia-una-recompensa-de-5-millones-de-dolares-por-la-captura-de-jardinero-foto-xoharfuch-NJYLWUREONCYJBTME4AAWIEAQM.jfif?auth=202e37a863dca750c5d5536593205ba52ce499a1b72a233fff1f68cc3a8b7519&amp;width=767\" alt=\"EE.UU. ofrec\u00eda una recompensa de 5 millones de d\u00f3lares por la captura de Jardinero (Foto: X\/OHarfuch).\"\/><\/figure>\n\n\n\n<p>Tambi\u00e9n fue el encargado de negociar a nombre de Oseguera una alianza entre el CJNG y \u201cLos Chapitos\u201d, la facci\u00f3n del C\u00e1rtel de Sinaloa comandada por los herederos de Joaqu\u00edn \u201cEl Chapo\u201d Guzm\u00e1n.<\/p>\n\n\n\n<p>Flores Silva estuvo preso cinco a\u00f1os en Estados Unidos y fue liberado en 2016. Las autoridades estadounidenses lo imputaron por&nbsp;<strong>conspiraci\u00f3n para distribuir coca\u00edna y hero\u00edna<\/strong>, adem\u00e1s de delitos con armas de fuego.<\/p>\n\n\n\n<p>En junio de 2025, volvi\u00f3 a ser incluido en un paquete de sanciones contra altos mandos del CJNG, vinculado a la operaci\u00f3n de laboratorios clandestinos de metanfetamina.<\/p>\n\n\n\n<p>Tras la muerte de \u201cEl Mencho\u201d en febrero, especialistas&nbsp;<strong>lo se\u00f1alaron como parte del grupo de l\u00edderes que qued\u00f3 al frente del cartel<\/strong>.<\/p>\n\n\n\n<p>La detenci\u00f3n de \u201cEl Jardinero\u201d gener\u00f3 una ola de violencia en Nayarit. El Gobierno local&nbsp;<strong>pidi\u00f3 a la poblaci\u00f3n no salir de sus casas<\/strong>&nbsp;debido a los bloqueos y enfrentamientos que se desataron tras el operativo. A trav\u00e9s de un comunicado, las autoridades exhortaron a la ciudadan\u00eda a mantenerse informada por canales oficiales y evitar la difusi\u00f3n de rumores.<\/p>\n\n\n\n<h2 class=\"wp-block-heading\">Golpe a las finanzas del CJNG<\/h2>\n\n\n\n<p>El mismo lunes, Fuerzas Especiales del Ej\u00e9rcito mexicano y de la Guardia Nacional detuvieron en Zapopan, Jalisco, a&nbsp;<strong>C\u00e9sar Alejandro \u201cN\u201d, alias \u201cEl G\u00fcero Conta\u201d<\/strong>, identificado como&nbsp;<strong>operador financiero del \u201cJardinero\u201d<\/strong>.<\/p>\n\n\n\n<figure class=\"wp-block-image\"><img decoding=\"async\" src=\"https:\/\/tn.com.ar\/resizer\/v2\/tambien-detuvieron-a-cesar-alejandro-n-alias-el-guero-conta-identificado-como-operador-financiero-del-cjng-foto-xoharfuch-CGGYYV2Y5JDYDI3RV7UINTSRDQ.png?auth=833c94429d61a50734509875e4d7fe173d06a2219e0e500b83097abf7c96ccba&amp;width=767\" alt=\"Tambi\u00e9n detuvieron a C\u00e9sar Alejandro N, alias \u201cEl G\u00fcero Conta\u201d, identificado como operador financiero del CJNG (Foto: X\/OHarfuch).\"\/><\/figure>\n\n\n\n<p>Seg\u00fan Garc\u00eda Harfuch, \u201cEl G\u00fcero Conta\u201d era responsable de&nbsp;<strong>lavar dinero proveniente de actividades il\u00edcitas<\/strong>&nbsp;mediante empresas y prestanombres, adem\u00e1s de adquirir aeronaves, embarcaciones, propiedades y participar en inversiones en productoras de tequila.<\/p>\n\n\n\n<p>\u201cEsta detenci\u00f3n representa un golpe importante a la estructura financiera de dicho grupo criminal\u201d, afirm\u00f3 el funcionario, y remarc\u00f3 que el Gabinete de Seguridad mantiene acciones permanentes para debilitar a las organizaciones delictivas y llevar ante la justicia a quienes generan violencia.<\/p>\n\n\n\n<h2 class=\"wp-block-heading\">Primeros incidentes tras la captura de Jardinero<\/h2>\n\n\n\n<p>Seg\u00fan las autoridades mexicanas, se reportaron seis veh\u00edculos incinerados y seis tiendas incendiadas, sin v\u00edctimas, tras la captura del l\u00edder narco.<\/p>\n\n\n\n<p>La muerte de \u201cEl Mencho provoc\u00f3 una asonada criminal en la que sus secuaces quemaron veh\u00edculos para bloquear v\u00edas en 20 de los 32 estados del pa\u00eds.<\/p>\n\n\n\n<p>Por eso, las autoridades pidieron a la poblaci\u00f3n resguardarse en sus hogares ante la posibilidad de nuevas acciones violentas.<\/p>\n","protected":false},"excerpt":{"rendered":"<p>Audias Flores Silva fue detenido \u201csin un solo disparo\u201d en Nayarit tras 19 meses de seguimiento. El Gobierno de M\u00e9xico pidi\u00f3 a la poblaci\u00f3n no salir de sus casas por&hellip; <\/p>\n","protected":false},"author":8,"featured_media":254261,"comment_status":"closed","ping_status":"open","sticky":false,"template":"","format":"standard","meta":{"footnotes":""},"categories":[11],"tags":[],"class_list":["post-254260","post","type-post","status-publish","format-standard","has-post-thumbnail","hentry","category-internacionales"],"_links":{"self":[{"href":"https:\/\/corrientesdetarde.com\/index.php\/wp-json\/wp\/v2\/posts\/254260","targetHints":{"allow":["GET"]}}],"collection":[{"href":"https:\/\/corrientesdetarde.com\/index.php\/wp-json\/wp\/v2\/posts"}],"about":[{"href":"https:\/\/corrientesdetarde.com\/index.php\/wp-json\/wp\/v2\/types\/post"}],"author":[{"embeddable":true,"href":"https:\/\/corrientesdetarde.com\/index.php\/wp-json\/wp\/v2\/users\/8"}],"replies":[{"embeddable":true,"href":"https:\/\/corrientesdetarde.com\/index.php\/wp-json\/wp\/v2\/comments?post=254260"}],"version-history":[{"count":1,"href":"https:\/\/corrientesdetarde.com\/index.php\/wp-json\/wp\/v2\/posts\/254260\/revisions"}],"predecessor-version":[{"id":254262,"href":"https:\/\/corrientesdetarde.com\/index.php\/wp-json\/wp\/v2\/posts\/254260\/revisions\/254262"}],"wp:featuredmedia":[{"embeddable":true,"href":"https:\/\/corrientesdetarde.com\/index.php\/wp-json\/wp\/v2\/media\/254261"}],"wp:attachment":[{"href":"https:\/\/corrientesdetarde.com\/index.php\/wp-json\/wp\/v2\/media?parent=254260"}],"wp:term":[{"taxonomy":"category","embeddable":true,"href":"https:\/\/corrientesdetarde.com\/index.php\/wp-json\/wp\/v2\/categories?post=254260"},{"taxonomy":"post_tag","embeddable":true,"href":"https:\/\/corrientesdetarde.com\/index.php\/wp-json\/wp\/v2\/tags?post=254260"}],"curies":[{"name":"wp","href":"https:\/\/api.w.org\/{rel}","templated":true}]}}