{"id":254263,"date":"2026-04-28T10:20:50","date_gmt":"2026-04-28T13:20:50","guid":{"rendered":"https:\/\/corrientesdetarde.com\/?p=254263"},"modified":"2026-04-28T10:28:36","modified_gmt":"2026-04-28T13:28:36","slug":"tras-40-anos-goya-recupera-el-predio-de-prefectura","status":"publish","type":"post","link":"https:\/\/corrientesdetarde.com\/index.php\/sociales\/tras-40-anos-goya-recupera-el-predio-de-prefectura\/","title":{"rendered":"Tras 40 a\u00f1os, Goya recupera el predio de Prefectura"},"content":{"rendered":"\n<p>El intendente Mariano Hormaechea encabez\u00f3 la apertura del espacio que se integrar\u00e1 a la nueva costanera. Adem\u00e1s,&nbsp;adelant\u00f3 que el espacio se convertir\u00e1 en un polo de usos m\u00faltiples para vecinos y visitantes.<\/p>\n\n\n\n<p>El\u00a0<strong>intendente de Goya,\u00a0 Mariano Hormaechea,\u00a0\u00a0<\/strong>destac\u00f3 la carga simb\u00f3lica y pol\u00edtica de la\u00a0<strong>recuperaci\u00f3n\u00a0<\/strong>del\u00a0<strong>espacio\u00a0<\/strong>que pertenec\u00eda a\u00a0<strong>la Prefectura Naval Argentina,\u00a0<\/strong>convirtiendose en una continuaci\u00f3n del\u00a0<strong>paseo costero\u00a0<\/strong>de la ciudad.<\/p>\n\n\n\n<p>Seg\u00fan explic\u00f3, el lugar hab\u00eda sido cedido durante la \u00faltima dictadura militar y, tras\u00a0<strong>gestiones iniciadas en 2023<\/strong>, finalmente se integr\u00f3 al patrimonio p\u00fablico\u00a0&#8220;Hoy,\u00a0<strong>despu\u00e9s de 40 a\u00f1os<\/strong>, lo estamos recuperando. Lo m\u00e1s importante de todo es que se recupera para que lo podamos usar todos, para que sea una\u00a0<strong>continuidad de nuestra nueva costanera<\/strong>&#8220;.<\/p>\n\n\n\n<p>Sobre la relevancia de este acto, el intendente agreg\u00f3 que &#8220;ahora&nbsp;<strong>vuelve a pertenecer a todos&nbsp;<\/strong>los vecinos para poder disfrutarlo&#8221;.<\/p>\n\n\n\n<figure class=\"wp-block-image size-large\"><img loading=\"lazy\" decoding=\"async\" width=\"1024\" height=\"576\" src=\"https:\/\/corrientesdetarde.com\/wp-content\/uploads\/2026\/04\/image-593-1024x576.png\" alt=\"\" class=\"wp-image-254265\" srcset=\"https:\/\/corrientesdetarde.com\/wp-content\/uploads\/2026\/04\/image-593-1024x576.png 1024w, https:\/\/corrientesdetarde.com\/wp-content\/uploads\/2026\/04\/image-593-300x169.png 300w, https:\/\/corrientesdetarde.com\/wp-content\/uploads\/2026\/04\/image-593-768x432.png 768w, https:\/\/corrientesdetarde.com\/wp-content\/uploads\/2026\/04\/image-593.png 1200w\" sizes=\"auto, (max-width: 1024px) 100vw, 1024px\" \/><\/figure>\n\n\n\n<h2 class=\"wp-block-heading\">Convivencia y Seguridad: El acuerdo con Prefectura<\/h2>\n\n\n\n<p>La apertura del predio no implica el retiro de la fuerza, sino un esquema de uso compartido. Se realizaron obras de cerramiento en el edificio para que la fuerza cumpla con sus normas de seguridad, permitiendo que el p\u00fablico acceda a la zona ribere\u00f1a.<\/p>\n\n\n\n<p>&#8220;La idea es que se pueda convivir&#8221;, dijo el intendente y agreg\u00f3 que &#8220;<strong>Prefectura siempre est\u00e1 en contacto con el r\u00edo<\/strong>, tienen algunas maniobras que tienen que hacer. La idea es que ellos puedan seguir utilizando, pero que la&nbsp;<strong>gente tambi\u00e9n pueda venir a disfrutar&nbsp;<\/strong>de este espacio&#8221;.<\/p>\n\n\n\n<h2 class=\"wp-block-heading\">Paseo Gastron\u00f3mico y Cultural: El futuro del predio<\/h2>\n\n\n\n<p>Desde el municipio se proyecta&nbsp;<strong>transformar el \u00e1rea&nbsp;<\/strong>en un&nbsp;<strong>centro neur\u00e1lgico&nbsp;<\/strong>de actividades recreativas, aprovechando incluso la infraestructura del &#8220;flotante&#8221;.<\/p>\n\n\n\n<p>&#8220;La idea es que este lugar sea un espacio de&nbsp;<strong>usos m\u00faltiples<\/strong>, principalmente para la&nbsp;<strong>cultura<\/strong>, y la idea es hacer un&nbsp;<strong>paseo gastron\u00f3mico, cultural<\/strong>&#8220;, dijo&nbsp;<strong>Hormaechea&nbsp;<\/strong>al respecto y continu\u00f3&nbsp; que se pretenden charlas &#8220;con algunos&nbsp;<strong>prestadores&nbsp;<\/strong>de servicio de poner algunos lugares de&nbsp;<strong>gastronom\u00eda<\/strong>&#8220;.<\/p>\n\n\n\n<figure class=\"wp-block-image\"><img decoding=\"async\" src=\"https:\/\/pxcdn.ellitoral.com.ar\/litoral\/042026\/1777376601899.jpg?cw=807\" alt=\"Goya recupera el predio de Prefectura tras 40 a\u00f1os: &quot;Vuelve a pertenecer a todos&quot;\" title=\"Goya recupera el predio de Prefectura tras 40 a\u00f1os: &quot;Vuelve a pertenecer a todos&quot;-\"\/><\/figure>\n\n\n\n<h2 class=\"wp-block-heading\">Inauguraci\u00f3n de la Costanera y R\u00e9cord del Surub\u00ed<\/h2>\n\n\n\n<p>El&nbsp;<strong>intendente vincul\u00f3 esta recuperaci\u00f3n&nbsp;<\/strong>con el inicio de la&nbsp;<strong>Fiesta Nacional del Surub\u00ed<\/strong>, que este a\u00f1o alcanz\u00f3 una&nbsp;<strong>cifra hist\u00f3rica de inscriptos<\/strong>, planteando nuevos desaf\u00edos log\u00edsticos para la ciudad.<\/p>\n\n\n\n<p>&#8220;Est\u00e1n arrancando una semana hist\u00f3rica por esto de Prefectura, por lo de la costanera, y por una fiesta del surub\u00ed que otra vez cumplimos un nuevo r\u00e9cord, que es tener 1.400 embarcaciones&#8221;, resumi\u00f3 el intendente.<\/p>\n\n\n\n<p>Con respecto al crecimiento de la&nbsp;<strong>convocatoria en la Fiesta del Surub\u00ed<\/strong>,&nbsp;<strong>Hormaechea coment\u00f3&nbsp;<\/strong>que &#8220;el&nbsp;<strong>predio empieza de a poquito a quedar chico<\/strong>. Es la meta y el desaf\u00edo que tenemos hacia adelante:&nbsp;<strong>pensar&nbsp;<\/strong>c\u00f3mo va a seguir&nbsp;<strong>creciendo la fiesta<\/strong>&#8220;.<\/p>\n","protected":false},"excerpt":{"rendered":"<p>El intendente Mariano Hormaechea encabez\u00f3 la apertura del espacio que se integrar\u00e1 a la nueva costanera. Adem\u00e1s,&nbsp;adelant\u00f3 que el espacio se convertir\u00e1 en un polo de usos m\u00faltiples para vecinos&hellip; <\/p>\n","protected":false},"author":8,"featured_media":254264,"comment_status":"closed","ping_status":"open","sticky":false,"template":"","format":"standard","meta":{"footnotes":""},"categories":[23,17],"tags":[],"class_list":["post-254263","post","type-post","status-publish","format-standard","has-post-thumbnail","hentry","category-actualidad","category-sociales"],"_links":{"self":[{"href":"https:\/\/corrientesdetarde.com\/index.php\/wp-json\/wp\/v2\/posts\/254263","targetHints":{"allow":["GET"]}}],"collection":[{"href":"https:\/\/corrientesdetarde.com\/index.php\/wp-json\/wp\/v2\/posts"}],"about":[{"href":"https:\/\/corrientesdetarde.com\/index.php\/wp-json\/wp\/v2\/types\/post"}],"author":[{"embeddable":true,"href":"https:\/\/corrientesdetarde.com\/index.php\/wp-json\/wp\/v2\/users\/8"}],"replies":[{"embeddable":true,"href":"https:\/\/corrientesdetarde.com\/index.php\/wp-json\/wp\/v2\/comments?post=254263"}],"version-history":[{"count":1,"href":"https:\/\/corrientesdetarde.com\/index.php\/wp-json\/wp\/v2\/posts\/254263\/revisions"}],"predecessor-version":[{"id":254266,"href":"https:\/\/corrientesdetarde.com\/index.php\/wp-json\/wp\/v2\/posts\/254263\/revisions\/254266"}],"wp:featuredmedia":[{"embeddable":true,"href":"https:\/\/corrientesdetarde.com\/index.php\/wp-json\/wp\/v2\/media\/254264"}],"wp:attachment":[{"href":"https:\/\/corrientesdetarde.com\/index.php\/wp-json\/wp\/v2\/media?parent=254263"}],"wp:term":[{"taxonomy":"category","embeddable":true,"href":"https:\/\/corrientesdetarde.com\/index.php\/wp-json\/wp\/v2\/categories?post=254263"},{"taxonomy":"post_tag","embeddable":true,"href":"https:\/\/corrientesdetarde.com\/index.php\/wp-json\/wp\/v2\/tags?post=254263"}],"curies":[{"name":"wp","href":"https:\/\/api.w.org\/{rel}","templated":true}]}}