{"id":254267,"date":"2026-04-28T10:38:44","date_gmt":"2026-04-28T13:38:44","guid":{"rendered":"https:\/\/corrientesdetarde.com\/?p=254267"},"modified":"2026-04-28T10:38:51","modified_gmt":"2026-04-28T13:38:51","slug":"presentaran-el-libro-los-procesos-colectivos-del-dr-arsenio-eduardo-moreyra","status":"publish","type":"post","link":"https:\/\/corrientesdetarde.com\/index.php\/eventos\/presentaran-el-libro-los-procesos-colectivos-del-dr-arsenio-eduardo-moreyra\/","title":{"rendered":"Presentar\u00e1n el libro \u201cLos procesos colectivos\u201d del Dr. Arsenio Eduardo Moreyra"},"content":{"rendered":"\n<p>BIBLIOTECA DE LA LEGISLATURA<\/p>\n\n\n\n<p>En el marco del reciente estrenado espacio cultural \u201cTodas las Letras\u201d, organizado por personal de la Biblioteca de la Honorable Legislatura, se llevar\u00e1 a cabo la presentaci\u00f3n del libro \u201cLos procesos colectivos. En el marco del Derecho Ambiental y Derecho de Usuarios y Consumidores\u201d, del Dr. Arsenio Eduardo Moreyra.<\/p>\n\n\n\n<p>La Vicegobernaci\u00f3n invita a la comunidad a participar de la actividad que tendr\u00e1 lugar el pr\u00f3ximo 30 de abril, a las 10 h. en la Biblioteca de la Legislatura provincial, ubicada en Salta 545 de la ciudad de Corrientes.<\/p>\n\n\n\n<p>La obra aborda la importancia de los procesos colectivos en la gesti\u00f3n judicial, con especial \u00e9nfasis en la provincia de Corrientes y en la Rep\u00fablica Argentina. El trabajo analiza los derechos de incidencia colectiva vinculados a la protecci\u00f3n del ambiente, as\u00ed como de usuarios y consumidores, destacando los beneficios de estas herramientas para mejorar la eficiencia del sistema judicial y reducir la litigiosidad individual.<\/p>\n\n\n\n<p>En este sentido, el autor plantea que la adecuada regulaci\u00f3n y aplicaci\u00f3n de los procesos colectivos permite optimizar recursos, disminuir costos y brindar respuestas m\u00e1s eficaces a problem\u00e1ticas comunes que afectan a amplios sectores de la sociedad.<\/p>\n\n\n\n<p>Cabe destacar que el Dr. Moreyra es Juez de C\u00e1mara en la C\u00e1mara Civil, Comercial y Laboral de Santo Tom\u00e9, doctor en Derecho por la UNNE y especialista en Derecho Procesal Constitucional, con una amplia trayectoria acad\u00e9mica y judicial.<\/p>\n\n\n\n<p>Espacio cultural \u201cTodas las Letras\u201d<br>La iniciativa tiene como objetivo crear un espacio cultural dirigido y organizado por la Biblioteca y su equipo de trabajo, que no se limite \u00fanicamente a la presentaci\u00f3n de libros, sino que tambi\u00e9n incluya charlas y exposiciones a cargo de referentes acad\u00e9micos de distintas \u00e1reas del conocimiento, promoviendo as\u00ed la difusi\u00f3n de contenidos y el acceso a la informaci\u00f3n para la comunidad.<\/p>\n\n\n\n<figure class=\"wp-block-image size-large\"><img loading=\"lazy\" decoding=\"async\" width=\"726\" height=\"1024\" src=\"https:\/\/corrientesdetarde.com\/wp-content\/uploads\/2026\/04\/image-598-726x1024.png\" alt=\"\" class=\"wp-image-254282\" srcset=\"https:\/\/corrientesdetarde.com\/wp-content\/uploads\/2026\/04\/image-598-726x1024.png 726w, https:\/\/corrientesdetarde.com\/wp-content\/uploads\/2026\/04\/image-598-213x300.png 213w, https:\/\/corrientesdetarde.com\/wp-content\/uploads\/2026\/04\/image-598-768x1083.png 768w, https:\/\/corrientesdetarde.com\/wp-content\/uploads\/2026\/04\/image-598-1090x1536.png 1090w, https:\/\/corrientesdetarde.com\/wp-content\/uploads\/2026\/04\/image-598.png 1135w\" sizes=\"auto, (max-width: 726px) 100vw, 726px\" \/><\/figure>\n","protected":false},"excerpt":{"rendered":"<p>BIBLIOTECA DE LA LEGISLATURA En el marco del reciente estrenado espacio cultural \u201cTodas las Letras\u201d, organizado por personal de la Biblioteca de la Honorable Legislatura, se llevar\u00e1 a cabo la&hellip; <\/p>\n","protected":false},"author":8,"featured_media":254282,"comment_status":"closed","ping_status":"open","sticky":false,"template":"","format":"standard","meta":{"footnotes":""},"categories":[22],"tags":[],"class_list":["post-254267","post","type-post","status-publish","format-standard","has-post-thumbnail","hentry","category-eventos"],"_links":{"self":[{"href":"https:\/\/corrientesdetarde.com\/index.php\/wp-json\/wp\/v2\/posts\/254267","targetHints":{"allow":["GET"]}}],"collection":[{"href":"https:\/\/corrientesdetarde.com\/index.php\/wp-json\/wp\/v2\/posts"}],"about":[{"href":"https:\/\/corrientesdetarde.com\/index.php\/wp-json\/wp\/v2\/types\/post"}],"author":[{"embeddable":true,"href":"https:\/\/corrientesdetarde.com\/index.php\/wp-json\/wp\/v2\/users\/8"}],"replies":[{"embeddable":true,"href":"https:\/\/corrientesdetarde.com\/index.php\/wp-json\/wp\/v2\/comments?post=254267"}],"version-history":[{"count":1,"href":"https:\/\/corrientesdetarde.com\/index.php\/wp-json\/wp\/v2\/posts\/254267\/revisions"}],"predecessor-version":[{"id":254283,"href":"https:\/\/corrientesdetarde.com\/index.php\/wp-json\/wp\/v2\/posts\/254267\/revisions\/254283"}],"wp:featuredmedia":[{"embeddable":true,"href":"https:\/\/corrientesdetarde.com\/index.php\/wp-json\/wp\/v2\/media\/254282"}],"wp:attachment":[{"href":"https:\/\/corrientesdetarde.com\/index.php\/wp-json\/wp\/v2\/media?parent=254267"}],"wp:term":[{"taxonomy":"category","embeddable":true,"href":"https:\/\/corrientesdetarde.com\/index.php\/wp-json\/wp\/v2\/categories?post=254267"},{"taxonomy":"post_tag","embeddable":true,"href":"https:\/\/corrientesdetarde.com\/index.php\/wp-json\/wp\/v2\/tags?post=254267"}],"curies":[{"name":"wp","href":"https:\/\/api.w.org\/{rel}","templated":true}]}}