{"id":254268,"date":"2026-04-28T10:26:13","date_gmt":"2026-04-28T13:26:13","guid":{"rendered":"https:\/\/corrientesdetarde.com\/?p=254268"},"modified":"2026-04-28T10:26:17","modified_gmt":"2026-04-28T13:26:17","slug":"cayeron-tras-robar-una-camioneta-y-una-moto-en-raid-delictivo","status":"publish","type":"post","link":"https:\/\/corrientesdetarde.com\/index.php\/actualidad\/cayeron-tras-robar-una-camioneta-y-una-moto-en-raid-delictivo\/","title":{"rendered":"Cayeron tras robar una camioneta y una moto en raid delictivo"},"content":{"rendered":"\n<p>El lunes, a la madrugada, robaron un auto Renault Duster en Paso Mart\u00ednez, en las afueras de la capital. Antes hab\u00edan sustra\u00eddo una moto Zanella ZB de una casa al costado de la ruta 5. Luego fue recuperada.<\/p>\n\n\n\n<p><\/p>\n\n\n\n<figure class=\"wp-block-image size-full\"><img loading=\"lazy\" decoding=\"async\" width=\"850\" height=\"638\" src=\"https:\/\/corrientesdetarde.com\/wp-content\/uploads\/2026\/04\/image-596.png\" alt=\"\" class=\"wp-image-254275\" srcset=\"https:\/\/corrientesdetarde.com\/wp-content\/uploads\/2026\/04\/image-596.png 850w, https:\/\/corrientesdetarde.com\/wp-content\/uploads\/2026\/04\/image-596-300x225.png 300w, https:\/\/corrientesdetarde.com\/wp-content\/uploads\/2026\/04\/image-596-768x576.png 768w\" sizes=\"auto, (max-width: 850px) 100vw, 850px\" \/><\/figure>\n\n\n\n<p><\/p>\n\n\n\n<p><br>La Unidad Especial Anti arrebatos recuper\u00f3 el auto y detuvo a una chica de 22 a\u00f1os y a un hombre de 31, alias &#8220;Goma&#8221;, se\u00f1alados como &#8220;colaboradores&#8221; en este il\u00edcito.<\/p>\n\n\n\n<p>Fue tras un seguimiento en los barrios Punta Taitalo, Lomas del Mirador y Molina Punta.<\/p>\n\n\n\n<p>Falta que atrapen a Romero y a Torres, quienes tienen frondozos prontuarios y ser\u00edan los promotores de \u00e9ste raid delictivo<\/p>\n\n\n\n<figure class=\"wp-block-image\"><img decoding=\"async\" src=\"https:\/\/www.radiodos.com.ar\/content\/bucket\/5\/284645w790h1053c.jpg.webp\" alt=\"\"\/><\/figure>\n","protected":false},"excerpt":{"rendered":"<p>El lunes, a la madrugada, robaron un auto Renault Duster en Paso Mart\u00ednez, en las afueras de la capital. Antes hab\u00edan sustra\u00eddo una moto Zanella ZB de una casa al&hellip; <\/p>\n","protected":false},"author":1,"featured_media":254274,"comment_status":"closed","ping_status":"open","sticky":false,"template":"","format":"standard","meta":{"footnotes":""},"categories":[23],"tags":[],"class_list":["post-254268","post","type-post","status-publish","format-standard","has-post-thumbnail","hentry","category-actualidad"],"_links":{"self":[{"href":"https:\/\/corrientesdetarde.com\/index.php\/wp-json\/wp\/v2\/posts\/254268","targetHints":{"allow":["GET"]}}],"collection":[{"href":"https:\/\/corrientesdetarde.com\/index.php\/wp-json\/wp\/v2\/posts"}],"about":[{"href":"https:\/\/corrientesdetarde.com\/index.php\/wp-json\/wp\/v2\/types\/post"}],"author":[{"embeddable":true,"href":"https:\/\/corrientesdetarde.com\/index.php\/wp-json\/wp\/v2\/users\/1"}],"replies":[{"embeddable":true,"href":"https:\/\/corrientesdetarde.com\/index.php\/wp-json\/wp\/v2\/comments?post=254268"}],"version-history":[{"count":1,"href":"https:\/\/corrientesdetarde.com\/index.php\/wp-json\/wp\/v2\/posts\/254268\/revisions"}],"predecessor-version":[{"id":254276,"href":"https:\/\/corrientesdetarde.com\/index.php\/wp-json\/wp\/v2\/posts\/254268\/revisions\/254276"}],"wp:featuredmedia":[{"embeddable":true,"href":"https:\/\/corrientesdetarde.com\/index.php\/wp-json\/wp\/v2\/media\/254274"}],"wp:attachment":[{"href":"https:\/\/corrientesdetarde.com\/index.php\/wp-json\/wp\/v2\/media?parent=254268"}],"wp:term":[{"taxonomy":"category","embeddable":true,"href":"https:\/\/corrientesdetarde.com\/index.php\/wp-json\/wp\/v2\/categories?post=254268"},{"taxonomy":"post_tag","embeddable":true,"href":"https:\/\/corrientesdetarde.com\/index.php\/wp-json\/wp\/v2\/tags?post=254268"}],"curies":[{"name":"wp","href":"https:\/\/api.w.org\/{rel}","templated":true}]}}