{"id":254284,"date":"2026-04-28T10:41:26","date_gmt":"2026-04-28T13:41:26","guid":{"rendered":"https:\/\/corrientesdetarde.com\/?p=254284"},"modified":"2026-04-28T10:41:40","modified_gmt":"2026-04-28T13:41:40","slug":"el-gobierno-de-corrientes-impulsa-la-capacitacion-a-equipos-municipales-en-responsabilidad-fiscal","status":"publish","type":"post","link":"https:\/\/corrientesdetarde.com\/index.php\/actualidad\/el-gobierno-de-corrientes-impulsa-la-capacitacion-a-equipos-municipales-en-responsabilidad-fiscal\/","title":{"rendered":"El Gobierno de Corrientes impulsa la capacitaci\u00f3n a equipos municipales en Responsabilidad Fiscal"},"content":{"rendered":"\n<p><em>Con una nueva edici\u00f3n del ciclo orientado a fomentar la utilizaci\u00f3n de un mismo lenguaje financiero entre las comunas y la Provincia, esta vez los contenidos se enfocan en conocimientos pr\u00e1cticos. Apuntan, de manera principal, a integrar las cuentas p\u00fablicas municipales con las provinciales y nacionales, trabajar en red, fortalecer capacidades t\u00e9cnicas y humanas e incorporar herramientas de IA<\/em><\/p>\n\n\n\n<p>Los secretarios y funcionarios de econom\u00eda y Hacienda de los municipios correntinos iniciaron una nueva edici\u00f3n de la capacitaci\u00f3n en Responsabilidad Fiscal, presupuesto municipal, transparencia y gesti\u00f3n de fondos p\u00fablicos, entre otros aspectos. La actividad est\u00e1 a cargo del Ministerio de Hacienda y Finanzas de Corrientes y se trata del tercer a\u00f1o consecutivo de capacitaci\u00f3n por parte del Gobierno de Corrientes a los municipios, con participaci\u00f3n de la coordinaci\u00f3n del Consejo Federal de Responsabilidad Fiscal.<\/p>\n\n\n\n<p>En esta edici\u00f3n, se avanzar\u00e1 con la integraci\u00f3n de las \u00e1reas de hacienda y finanzas de la Provincia con los municipios &#8211; a diferencia las dos ediciones anteriores, en 2024 y 2025, con capacitaci\u00f3n de forma te\u00f3rica &#8211; &nbsp;la presente de 2026 tendr\u00e1 har\u00e1 hincapi\u00e9 en la formaci\u00f3n pr\u00e1ctica.<\/p>\n\n\n\n<p>Este nuevo ciclo comenz\u00f3 el lunes 27 con la apertura de la jornada inaugural a cargo del ministro de Hacienda y Finanzas H\u00e9ctor Grachot, en el Sal\u00f3n de Acuerdo, y cont\u00f3 con la participaci\u00f3n presencial y virtual de los funcionarios de los municipios correntinos.<\/p>\n\n\n\n<p><strong>Objetivos renovados<\/strong><\/p>\n\n\n\n<p>Los objetivos de esta nueva etapa se centran en cinco ejes: &nbsp;en primer lugar, lograr un mismo lenguaje presupuestario \u2013 financiero en todos los municipios de la provincia, asegurando informaci\u00f3n clara, uniforme y comparable.<\/p>\n\n\n\n<p>Adem\u00e1s, apunta a integrar las cuentas p\u00fablicas municipales con las provinciales y nacionales, fortaleciendo una visi\u00f3n coherente y federal del Estado.&nbsp; El aprendizaje se orienta asimismo a trabajar en red, promoviendo el intercambio de experiencia y la construcci\u00f3n colectiva de soluciones entre equipos municipales.<\/p>\n\n\n\n<p>Por otra parte, busca fortalecer capacidades t\u00e9cnicas y humanas, combinando conocimiento normativo con liderazgo, compromiso y trabajo en equipo, as\u00ed como la incorporaci\u00f3n de herramienta de IA, con ayuda a la gesti\u00f3n. Y finalmente, se propone impulsar la mejora continua, acompa\u00f1ando a los municipios en proceso de cambios y modernizaci\u00f3n de la gesti\u00f3n p\u00fablica.<\/p>\n\n\n\n<p>Se abordar\u00e1n tambi\u00e9n temas complementarios como procedimientos de compras, y rendiciones ante el Tribunal de Cuentas de la Provincia, entre otros.&nbsp;La capacitaci\u00f3n continuar\u00e1 con jornadas todos los meses y cerrar\u00e1 en diciembre pr\u00f3ximo.<\/p>\n\n\n\n<figure class=\"wp-block-image size-large\"><img loading=\"lazy\" decoding=\"async\" width=\"1024\" height=\"682\" src=\"https:\/\/corrientesdetarde.com\/wp-content\/uploads\/2026\/04\/image-600-1024x682.png\" alt=\"\" class=\"wp-image-254286\" srcset=\"https:\/\/corrientesdetarde.com\/wp-content\/uploads\/2026\/04\/image-600-1024x682.png 1024w, https:\/\/corrientesdetarde.com\/wp-content\/uploads\/2026\/04\/image-600-300x200.png 300w, https:\/\/corrientesdetarde.com\/wp-content\/uploads\/2026\/04\/image-600-768x512.png 768w, https:\/\/corrientesdetarde.com\/wp-content\/uploads\/2026\/04\/image-600-1536x1023.png 1536w, https:\/\/corrientesdetarde.com\/wp-content\/uploads\/2026\/04\/image-600.png 1600w\" sizes=\"auto, (max-width: 1024px) 100vw, 1024px\" \/><\/figure>\n","protected":false},"excerpt":{"rendered":"<p>Con una nueva edici\u00f3n del ciclo orientado a fomentar la utilizaci\u00f3n de un mismo lenguaje financiero entre las comunas y la Provincia, esta vez los contenidos se enfocan en conocimientos&hellip; <\/p>\n","protected":false},"author":8,"featured_media":254285,"comment_status":"closed","ping_status":"open","sticky":false,"template":"","format":"standard","meta":{"footnotes":""},"categories":[23],"tags":[],"class_list":["post-254284","post","type-post","status-publish","format-standard","has-post-thumbnail","hentry","category-actualidad"],"_links":{"self":[{"href":"https:\/\/corrientesdetarde.com\/index.php\/wp-json\/wp\/v2\/posts\/254284","targetHints":{"allow":["GET"]}}],"collection":[{"href":"https:\/\/corrientesdetarde.com\/index.php\/wp-json\/wp\/v2\/posts"}],"about":[{"href":"https:\/\/corrientesdetarde.com\/index.php\/wp-json\/wp\/v2\/types\/post"}],"author":[{"embeddable":true,"href":"https:\/\/corrientesdetarde.com\/index.php\/wp-json\/wp\/v2\/users\/8"}],"replies":[{"embeddable":true,"href":"https:\/\/corrientesdetarde.com\/index.php\/wp-json\/wp\/v2\/comments?post=254284"}],"version-history":[{"count":1,"href":"https:\/\/corrientesdetarde.com\/index.php\/wp-json\/wp\/v2\/posts\/254284\/revisions"}],"predecessor-version":[{"id":254287,"href":"https:\/\/corrientesdetarde.com\/index.php\/wp-json\/wp\/v2\/posts\/254284\/revisions\/254287"}],"wp:featuredmedia":[{"embeddable":true,"href":"https:\/\/corrientesdetarde.com\/index.php\/wp-json\/wp\/v2\/media\/254285"}],"wp:attachment":[{"href":"https:\/\/corrientesdetarde.com\/index.php\/wp-json\/wp\/v2\/media?parent=254284"}],"wp:term":[{"taxonomy":"category","embeddable":true,"href":"https:\/\/corrientesdetarde.com\/index.php\/wp-json\/wp\/v2\/categories?post=254284"},{"taxonomy":"post_tag","embeddable":true,"href":"https:\/\/corrientesdetarde.com\/index.php\/wp-json\/wp\/v2\/tags?post=254284"}],"curies":[{"name":"wp","href":"https:\/\/api.w.org\/{rel}","templated":true}]}}