{"id":254306,"date":"2026-04-28T17:22:02","date_gmt":"2026-04-28T20:22:02","guid":{"rendered":"https:\/\/corrientesdetarde.com\/?p=254306"},"modified":"2026-04-28T17:22:04","modified_gmt":"2026-04-28T20:22:04","slug":"el-poder-judicial-de-corrientes-abre-concurso-para-cubrir-cargos-en-areas-tecnologicas","status":"publish","type":"post","link":"https:\/\/corrientesdetarde.com\/index.php\/destacados\/el-poder-judicial-de-corrientes-abre-concurso-para-cubrir-cargos-en-areas-tecnologicas\/","title":{"rendered":"El Poder Judicial de Corrientes abre concurso para cubrir cargos en \u00e1reas tecnol\u00f3gicas"},"content":{"rendered":"\n<p>La convocatoria incluye puestos de coordinadores, analistas, t\u00e9cnicos y operarios en distintos sectores vinculados a sistemas, comunicaciones y soporte.<\/p>\n\n\n\n<p>El Superior Tribunal de Justicia de la Provincia de Corrientes dispuso, mediante Acuerdo N\u00b0 11\/26, el llamado a concurso abierto de oposici\u00f3n, antecedentes, t\u00edtulos y entrevista para cubrir cargos en distintas \u00e1reas tecnol\u00f3gicas del Poder Judicial.<\/p>\n\n\n\n<p>La convocatoria se realiza conforme al R\u00e9gimen General de Concursos (Acuerdo N\u00b0 22\/09 y modificatorias) y al R\u00e9gimen Escalafonario y Reglamento de Ascenso del Funcionario vigente.<\/p>\n\n\n\n<p><strong>Los cargos a cubrir<\/strong><\/p>\n\n\n\n<p>El llamado contempla puestos en \u00e1reas clave como Sistemas de Informaci\u00f3n e Ingenier\u00eda de Software, Tecnolog\u00eda y Comunicaciones, Seguridad Inform\u00e1tica, Base de Datos, Asistencia a Usuarios, Soporte T\u00e9cnico y Delegaciones del interior.<\/p>\n\n\n\n<p><strong>Entre los cargos se destacan:<\/strong><\/p>\n\n\n\n<p>-Coordinadores en \u00e1reas como DevOps, Arquitectura de Datos, Desarrollo de Software, Seguridad Inform\u00e1tica y Asistencia a Usuarios.<\/p>\n\n\n\n<p>-Analistas junior en perfiles funcionales, desarrollo, testing, redes, seguridad, bases de datos e inteligencia de amenazas.<\/p>\n\n\n\n<p>-T\u00e9cnicos junior para soporte inform\u00e1tico, oralidad digital y asistencia en el interior.<\/p>\n\n\n\n<p>-Operarios para tareas de cableado estructurado.<\/p>\n\n\n\n<p>En total, se prev\u00e9 la cobertura de m\u00faltiples vacantes distribuidas en diferentes niveles y especialidades t\u00e9cnicas.<\/p>\n\n\n\n<p><strong>Perfiles y requisitos<\/strong><\/p>\n\n\n\n<p>El concurso establece perfiles diferenciados seg\u00fan el cargo, con responsabilidades espec\u00edficas para cada categor\u00eda.<\/p>\n\n\n\n<p>Para los cargos de coordinaci\u00f3n se requiere t\u00edtulo universitario en sistemas o carreras afines, experiencia m\u00ednima de dos a\u00f1os y edad m\u00ednima de 30 a\u00f1os. Estos puestos implican la conducci\u00f3n de equipos, planificaci\u00f3n de proyectos y supervisi\u00f3n de procesos t\u00e9cnicos.<\/p>\n\n\n\n<p>En el caso de los analistas junior, se solicita formaci\u00f3n universitaria o t\u00e9cnica en inform\u00e1tica o tecnolog\u00eda, experiencia acorde al \u00e1rea y una edad m\u00ednima de 25 a\u00f1os.<\/p>\n\n\n\n<p>Para los cargos t\u00e9cnicos y operativos, se exige formaci\u00f3n t\u00e9cnica o idoneidad comprobable, con experiencia previa en tareas de soporte, mantenimiento o infraestructura.<\/p>\n\n\n\n<p>En todos los casos, se requiere ser ciudadano argentino, contar con aptitud psicof\u00edsica y no registrar antecedentes incompatibles con el ejercicio de la funci\u00f3n p\u00fablica.<\/p>\n\n\n\n<p><strong>Etapas de evaluaci\u00f3n<\/strong><\/p>\n\n\n\n<p>El proceso de selecci\u00f3n incluir\u00e1:<\/p>\n\n\n\n<p>-Evaluaci\u00f3n de antecedentes.<\/p>\n\n\n\n<p>-Instancias de oposici\u00f3n.<\/p>\n\n\n\n<p>-Entrevista personal, que valorar\u00e1 la motivaci\u00f3n, conocimientos, experiencia, capacidad de planificaci\u00f3n y compromiso con la funci\u00f3n p\u00fablica.<\/p>\n\n\n\n<p>La entrevista tendr\u00e1 una calificaci\u00f3n m\u00e1xima de 100 puntos, siendo necesario alcanzar al menos 70 puntos para su aprobaci\u00f3n.<\/p>\n\n\n\n<p><strong>Inscripci\u00f3n y plazos<\/strong><\/p>\n\n\n\n<p>La inscripci\u00f3n se realizar\u00e1 de manera online a trav\u00e9s del sitio oficial del Poder Judicial de Corrientes (www.juscorrientes.gov.ar).<\/p>\n\n\n\n<p>El per\u00edodo de inscripci\u00f3n estar\u00e1 habilitado desde el 1 de junio de 2026 a las 0:00 horas hasta el 7 de junio de 2026 a las 23:59 horas.<\/p>\n\n\n\n<p>La presentaci\u00f3n de documentaci\u00f3n se realizar\u00e1 posteriormente, conforme al cronograma que establecer\u00e1 el \u00c1rea de Concurso de Ingreso y Ascenso.<\/p>\n\n\n\n<p><strong>Fortalecimiento del servicio de justicia<\/strong><\/p>\n\n\n\n<p>Con esta convocatoria, el Poder Judicial busca fortalecer sus \u00e1reas tecnol\u00f3gicas y de soporte, incorporando perfiles especializados que permitan mejorar los sistemas, la infraestructura y la atenci\u00f3n a usuarios en toda la provincia.<\/p>\n\n\n\n<p>La iniciativa se enmarca en los procesos de modernizaci\u00f3n y optimizaci\u00f3n del servicio de justicia, con eje en la innovaci\u00f3n, la eficiencia y la calidad institucional.<\/p>\n","protected":false},"excerpt":{"rendered":"<p>La convocatoria incluye puestos de coordinadores, analistas, t\u00e9cnicos y operarios en distintos sectores vinculados a sistemas, comunicaciones y soporte. El Superior Tribunal de Justicia de la Provincia de Corrientes dispuso,&hellip; <\/p>\n","protected":false},"author":4,"featured_media":254348,"comment_status":"closed","ping_status":"open","sticky":false,"template":"","format":"standard","meta":{"footnotes":""},"categories":[26],"tags":[],"class_list":["post-254306","post","type-post","status-publish","format-standard","has-post-thumbnail","hentry","category-destacados"],"_links":{"self":[{"href":"https:\/\/corrientesdetarde.com\/index.php\/wp-json\/wp\/v2\/posts\/254306","targetHints":{"allow":["GET"]}}],"collection":[{"href":"https:\/\/corrientesdetarde.com\/index.php\/wp-json\/wp\/v2\/posts"}],"about":[{"href":"https:\/\/corrientesdetarde.com\/index.php\/wp-json\/wp\/v2\/types\/post"}],"author":[{"embeddable":true,"href":"https:\/\/corrientesdetarde.com\/index.php\/wp-json\/wp\/v2\/users\/4"}],"replies":[{"embeddable":true,"href":"https:\/\/corrientesdetarde.com\/index.php\/wp-json\/wp\/v2\/comments?post=254306"}],"version-history":[{"count":1,"href":"https:\/\/corrientesdetarde.com\/index.php\/wp-json\/wp\/v2\/posts\/254306\/revisions"}],"predecessor-version":[{"id":254350,"href":"https:\/\/corrientesdetarde.com\/index.php\/wp-json\/wp\/v2\/posts\/254306\/revisions\/254350"}],"wp:featuredmedia":[{"embeddable":true,"href":"https:\/\/corrientesdetarde.com\/index.php\/wp-json\/wp\/v2\/media\/254348"}],"wp:attachment":[{"href":"https:\/\/corrientesdetarde.com\/index.php\/wp-json\/wp\/v2\/media?parent=254306"}],"wp:term":[{"taxonomy":"category","embeddable":true,"href":"https:\/\/corrientesdetarde.com\/index.php\/wp-json\/wp\/v2\/categories?post=254306"},{"taxonomy":"post_tag","embeddable":true,"href":"https:\/\/corrientesdetarde.com\/index.php\/wp-json\/wp\/v2\/tags?post=254306"}],"curies":[{"name":"wp","href":"https:\/\/api.w.org\/{rel}","templated":true}]}}