{"id":254307,"date":"2026-04-28T14:18:34","date_gmt":"2026-04-28T17:18:34","guid":{"rendered":"https:\/\/corrientesdetarde.com\/?p=254307"},"modified":"2026-04-28T14:18:40","modified_gmt":"2026-04-28T17:18:40","slug":"el-gobierno-provincial-realizara-acciones-de-prevencion-y-control-animal","status":"publish","type":"post","link":"https:\/\/corrientesdetarde.com\/index.php\/actualidad\/el-gobierno-provincial-realizara-acciones-de-prevencion-y-control-animal\/","title":{"rendered":"El Gobierno provincial realizar\u00e1 acciones de prevenci\u00f3n y control animal"},"content":{"rendered":"\n<p><em>Las actividades se llevar\u00e1n a cabo en Capital en la plaza Vera, Costanera Sur y Facultad de Ciencias Veterinarias. Habr\u00e1 vacunaci\u00f3n antirr\u00e1bica y promoci\u00f3n de tenencia responsable, entre otras. Tambi\u00e9n, en el interior se organizaron tareas similares.&nbsp;<\/em><\/p>\n\n\n\n<p>El Gobierno de la Provincia, a trav\u00e9s del Ministerio de Salud P\u00fablica, realizar\u00e1 actividades de sensibilizaci\u00f3n y prevenci\u00f3n en el marco del D\u00eda del Animal en Argentina. En el interior, los municipios tambi\u00e9n organizaron acciones similares con el apoyo del Programa Provincial de Tenencia Responsable de Mascotas de la Direcci\u00f3n General de Epidemiolog\u00eda quien les entreg\u00f3 vacuna antirr\u00e1bica.&nbsp;<\/p>\n\n\n\n<p>Ma\u00f1ana, habr\u00e1 jornadas simult\u00e1neas en la Costanera Sur y en la plaza Juan de Vera. Har\u00e1n, de 9 a 12, vacunaci\u00f3n antirr\u00e1bica, difusi\u00f3n de medidas de prevenci\u00f3n de zoonosis, entrega de material educativo, promoci\u00f3n de la tenencia responsable y difusi\u00f3n de zoonosis prioritarias (Rabia, Leishmaniasis, Hidatidosis, Parasitosis).&nbsp;<\/p>\n\n\n\n<p>A su vez, el 30 de abril en el mismo horario, en la plaza Juan de Vera, se llevar\u00e1n adelante las mismas acciones. Mientras que, en la Facultad de Ciencias Veterinarias \u2013sede Sargento Cabral- de 8 a 12, colocar\u00e1n un stand de vacunaci\u00f3n, har\u00e1n promoci\u00f3n de salud animal y diagn\u00f3stico de Leishmaniasis.&nbsp;<\/p>\n\n\n\n<figure class=\"wp-block-image size-full\"><img loading=\"lazy\" decoding=\"async\" width=\"674\" height=\"887\" src=\"https:\/\/corrientesdetarde.com\/wp-content\/uploads\/2026\/04\/Captura-de-pantalla-2026-04-28-141654.png\" alt=\"\" class=\"wp-image-254310\" srcset=\"https:\/\/corrientesdetarde.com\/wp-content\/uploads\/2026\/04\/Captura-de-pantalla-2026-04-28-141654.png 674w, https:\/\/corrientesdetarde.com\/wp-content\/uploads\/2026\/04\/Captura-de-pantalla-2026-04-28-141654-228x300.png 228w\" sizes=\"auto, (max-width: 674px) 100vw, 674px\" \/><\/figure>\n\n\n\n<p><strong>Interior<\/strong><br>En Virasoro habr\u00e1 vacunaci\u00f3n antirr\u00e1bica ma\u00f1ana. En el barrio Alfons\u00edn, de 8 a 12 en el play\u00f3n detr\u00e1s de la Comisar\u00eda N\u00b02 y, en el barrio Santa Rita, de 14 a 18 en el play\u00f3n Ver\u00f3nico Rodr\u00edguez. En San Roque, la misma actividad se realiz\u00f3 hoy.&nbsp;<\/p>\n\n\n\n<p>En Esquina, tambi\u00e9n se colocar\u00e1n dosis contra la Rabia desde el martes hasta el jueves de esta semana. Ma\u00f1ana, detr\u00e1s de \u201cGomer\u00eda Roque\u201d y el jueves en calle Rebechi y Belgrano, a partir de las 9.<\/p>\n\n\n\n<p>En Perugorr\u00eda, ma\u00f1ana desde las 8 en el CIC Monse\u00f1or Devoto, se llevar\u00e1 adelante un operativo de mascotas con: atenci\u00f3n primaria, vacunaci\u00f3n antirr\u00e1bica, desparasitaci\u00f3n y esterilizaci\u00f3n. En Ituzaing\u00f3, se har\u00e1 vacunaci\u00f3n antirr\u00e1bica en el barrio Iber\u00e1 del 27 al 30 de abril en el play\u00f3n deportivo de 9 a 12.<\/p>\n\n\n\n<p>Las actividades se desarrollan en el marco del enfoque Una Salud y la eliminaci\u00f3n de la Rabia, fortaleciendo el trabajo interinstitucional y las estrategias territoriales de prevenci\u00f3n y control de enfermedades zoon\u00f3ticas.<\/p>\n\n\n\n<figure class=\"wp-block-image size-full\"><img loading=\"lazy\" decoding=\"async\" width=\"660\" height=\"875\" src=\"https:\/\/corrientesdetarde.com\/wp-content\/uploads\/2026\/04\/Captura-de-pantalla-2026-04-28-141643.png\" alt=\"\" class=\"wp-image-254308\" srcset=\"https:\/\/corrientesdetarde.com\/wp-content\/uploads\/2026\/04\/Captura-de-pantalla-2026-04-28-141643.png 660w, https:\/\/corrientesdetarde.com\/wp-content\/uploads\/2026\/04\/Captura-de-pantalla-2026-04-28-141643-226x300.png 226w\" sizes=\"auto, (max-width: 660px) 100vw, 660px\" \/><\/figure>\n","protected":false},"excerpt":{"rendered":"<p>Las actividades se llevar\u00e1n a cabo en Capital en la plaza Vera, Costanera Sur y Facultad de Ciencias Veterinarias. Habr\u00e1 vacunaci\u00f3n antirr\u00e1bica y promoci\u00f3n de tenencia responsable, entre otras. Tambi\u00e9n,&hellip; <\/p>\n","protected":false},"author":4,"featured_media":254309,"comment_status":"closed","ping_status":"open","sticky":false,"template":"","format":"standard","meta":{"footnotes":""},"categories":[23],"tags":[],"class_list":["post-254307","post","type-post","status-publish","format-standard","has-post-thumbnail","hentry","category-actualidad"],"_links":{"self":[{"href":"https:\/\/corrientesdetarde.com\/index.php\/wp-json\/wp\/v2\/posts\/254307","targetHints":{"allow":["GET"]}}],"collection":[{"href":"https:\/\/corrientesdetarde.com\/index.php\/wp-json\/wp\/v2\/posts"}],"about":[{"href":"https:\/\/corrientesdetarde.com\/index.php\/wp-json\/wp\/v2\/types\/post"}],"author":[{"embeddable":true,"href":"https:\/\/corrientesdetarde.com\/index.php\/wp-json\/wp\/v2\/users\/4"}],"replies":[{"embeddable":true,"href":"https:\/\/corrientesdetarde.com\/index.php\/wp-json\/wp\/v2\/comments?post=254307"}],"version-history":[{"count":1,"href":"https:\/\/corrientesdetarde.com\/index.php\/wp-json\/wp\/v2\/posts\/254307\/revisions"}],"predecessor-version":[{"id":254311,"href":"https:\/\/corrientesdetarde.com\/index.php\/wp-json\/wp\/v2\/posts\/254307\/revisions\/254311"}],"wp:featuredmedia":[{"embeddable":true,"href":"https:\/\/corrientesdetarde.com\/index.php\/wp-json\/wp\/v2\/media\/254309"}],"wp:attachment":[{"href":"https:\/\/corrientesdetarde.com\/index.php\/wp-json\/wp\/v2\/media?parent=254307"}],"wp:term":[{"taxonomy":"category","embeddable":true,"href":"https:\/\/corrientesdetarde.com\/index.php\/wp-json\/wp\/v2\/categories?post=254307"},{"taxonomy":"post_tag","embeddable":true,"href":"https:\/\/corrientesdetarde.com\/index.php\/wp-json\/wp\/v2\/tags?post=254307"}],"curies":[{"name":"wp","href":"https:\/\/api.w.org\/{rel}","templated":true}]}}