{"id":254312,"date":"2026-04-28T14:50:45","date_gmt":"2026-04-28T17:50:45","guid":{"rendered":"https:\/\/corrientesdetarde.com\/?p=254312"},"modified":"2026-04-28T14:50:50","modified_gmt":"2026-04-28T17:50:50","slug":"corrientes-fueron-descubiertos-tirando-basura-en-un-descampado-y-terminaron-demorados","status":"publish","type":"post","link":"https:\/\/corrientesdetarde.com\/index.php\/policiales\/corrientes-fueron-descubiertos-tirando-basura-en-un-descampado-y-terminaron-demorados\/","title":{"rendered":"Corrientes: fueron descubiertos tirando basura en un descampado y terminaron demorados"},"content":{"rendered":"\n<p>Fueron sorprendidos por la Polic\u00eda mientras intentaban descargar basura desde una camioneta; el veh\u00edculo fue secuestrado de manera preventiva.<\/p>\n\n\n\n<p>La Polic\u00eda de Corrientes inform\u00f3 este lunes que demor\u00f3 a dos hombres que fueron sorprendidos arrojando residuos en un terreno descampado de la capital provincial.<\/p>\n\n\n\n<p>El hecho ocurri\u00f3 sobre calle Teniente C.A. Ben\u00edtez, donde los efectivos detectaron a los ocupantes de una camioneta Toyota Hilux que, al advertir la presencia policial, intentaron retirarse del lugar.<\/p>\n\n\n\n<p>Durante la inspecci\u00f3n del veh\u00edculo, los agentes constataron que en la caja transportaban residuos que a\u00fan no hab\u00edan sido arrojados, lo que confirm\u00f3 la maniobra ilegal.<\/p>\n\n\n\n<p>Ante esta situaci\u00f3n, se dio intervenci\u00f3n a las autoridades correspondientes y, con colaboraci\u00f3n de la jurisdicci\u00f3n, se procedi\u00f3 a la demora de ambos hombres y al secuestro preventivo de la camioneta.<\/p>\n\n\n\n<p>Los involucrados fueron trasladados a la Comisar\u00eda Novena de la Capital, donde se contin\u00faan las actuaciones de rigor para determinar sus responsabilidades.<\/p>\n","protected":false},"excerpt":{"rendered":"<p>Fueron sorprendidos por la Polic\u00eda mientras intentaban descargar basura desde una camioneta; el veh\u00edculo fue secuestrado de manera preventiva. La Polic\u00eda de Corrientes inform\u00f3 este lunes que demor\u00f3 a dos&hellip; <\/p>\n","protected":false},"author":4,"featured_media":254313,"comment_status":"closed","ping_status":"open","sticky":false,"template":"","format":"standard","meta":{"footnotes":""},"categories":[33],"tags":[],"class_list":["post-254312","post","type-post","status-publish","format-standard","has-post-thumbnail","hentry","category-policiales"],"_links":{"self":[{"href":"https:\/\/corrientesdetarde.com\/index.php\/wp-json\/wp\/v2\/posts\/254312","targetHints":{"allow":["GET"]}}],"collection":[{"href":"https:\/\/corrientesdetarde.com\/index.php\/wp-json\/wp\/v2\/posts"}],"about":[{"href":"https:\/\/corrientesdetarde.com\/index.php\/wp-json\/wp\/v2\/types\/post"}],"author":[{"embeddable":true,"href":"https:\/\/corrientesdetarde.com\/index.php\/wp-json\/wp\/v2\/users\/4"}],"replies":[{"embeddable":true,"href":"https:\/\/corrientesdetarde.com\/index.php\/wp-json\/wp\/v2\/comments?post=254312"}],"version-history":[{"count":1,"href":"https:\/\/corrientesdetarde.com\/index.php\/wp-json\/wp\/v2\/posts\/254312\/revisions"}],"predecessor-version":[{"id":254314,"href":"https:\/\/corrientesdetarde.com\/index.php\/wp-json\/wp\/v2\/posts\/254312\/revisions\/254314"}],"wp:featuredmedia":[{"embeddable":true,"href":"https:\/\/corrientesdetarde.com\/index.php\/wp-json\/wp\/v2\/media\/254313"}],"wp:attachment":[{"href":"https:\/\/corrientesdetarde.com\/index.php\/wp-json\/wp\/v2\/media?parent=254312"}],"wp:term":[{"taxonomy":"category","embeddable":true,"href":"https:\/\/corrientesdetarde.com\/index.php\/wp-json\/wp\/v2\/categories?post=254312"},{"taxonomy":"post_tag","embeddable":true,"href":"https:\/\/corrientesdetarde.com\/index.php\/wp-json\/wp\/v2\/tags?post=254312"}],"curies":[{"name":"wp","href":"https:\/\/api.w.org\/{rel}","templated":true}]}}