{"id":254315,"date":"2026-04-28T15:35:00","date_gmt":"2026-04-28T18:35:00","guid":{"rendered":"https:\/\/corrientesdetarde.com\/?p=254315"},"modified":"2026-04-28T15:35:12","modified_gmt":"2026-04-28T18:35:12","slug":"una-familia-correntina-necesito-mas-de-1-158-000-de-pesos-en-marzo-para-no-ser-pobre","status":"publish","type":"post","link":"https:\/\/corrientesdetarde.com\/index.php\/economia\/una-familia-correntina-necesito-mas-de-1-158-000-de-pesos-en-marzo-para-no-ser-pobre\/","title":{"rendered":"Una familia correntina necesit\u00f3 m\u00e1s de $1.158.000 de pesos en marzo para no ser pobre"},"content":{"rendered":"\n<p>El \u00cdndice Barrial de Precios registr\u00f3 un incremento del 2,40% en el \u00faltimo mes. En un a\u00f1o, la Canasta B\u00e1sica Total aument\u00f3 m\u00e1s de 231 mil pesos, lo que profundiza la p\u00e9rdida del poder adquisitivo y el endeudamiento de los hogares.<\/p>\n\n\n\n<p>Durante el mes de marzo, el costo de vida en Corrientes continu\u00f3 su tendencia alcista, seg\u00fan el reciente informe del \u00cdndice Barrial de Precios (IBP) elaborado por el ISEPCi. De acuerdo con el relevamiento realizado en m\u00e1s de 300 negocios de cercan\u00eda en localidades como Capital, Goya, Curuz\u00fa Cuati\u00e1, Empedrado y Santa Rosa, una familia tipo de cuatro integrantes necesit\u00f3 $1.158.439,03 para cubrir la Canasta B\u00e1sica Total (CBT) y no caer bajo la l\u00ednea de pobreza.<\/p>\n\n\n\n<p>Por otro lado, para cubrir \u00fanicamente la alimentaci\u00f3n b\u00e1sica y superar la l\u00ednea de indigencia, esa misma familia precis\u00f3 $514.861,79 para acceder a la Canasta B\u00e1sica Alimentaria (CBA). Ambos indicadores mostraron una variaci\u00f3n mensual del 2,40% respecto a febrero, acumulando en lo que va del a\u00f1o 2026 un incremento del 9,48%.<\/p>\n\n\n\n<figure class=\"wp-block-image\"><img decoding=\"async\" src=\"https:\/\/www.lt7noticias.com\/content\/bucket\/1\/84091w790h790c.jpg.webp\" alt=\"\"\/><\/figure>\n\n\n\n<h2 class=\"wp-block-heading\">El rubro carnicer\u00eda, al frente de los aumentos anuales<\/h2>\n\n\n\n<p>Al analizar el comportamiento de los precios en el \u00faltimo a\u00f1o (marzo 2025 &#8211; marzo 2026), se observa que la CBT subi\u00f3 un 25,01%, mientras que la CBA escal\u00f3 un 26,68%.<\/p>\n\n\n\n<p>El rubro que lider\u00f3 los aumentos anuales fue, por amplio margen, la carnicer\u00eda, con una subida del 55,69%. Le siguieron la verduler\u00eda con un 18,87% y los productos de almac\u00e9n con un 10,30%.<\/p>\n\n\n\n<figure class=\"wp-block-image\"><img decoding=\"async\" src=\"https:\/\/www.lt7noticias.com\/content\/bucket\/0\/84090w790h790c.jpg.webp\" alt=\"\"\/><\/figure>\n\n\n\n<h2 class=\"wp-block-heading\">Los productos que m\u00e1s subieron en marzo<\/h2>\n\n\n\n<p>En el detalle del mes de marzo, el sector de almac\u00e9n fue el que m\u00e1s aument\u00f3 (3,15%), destac\u00e1ndose incrementos alarmantes en productos b\u00e1sicos como la polenta (27,27%), el queso de rallar (26,05%), el arroz (21,43%), la yerba (20%) y el queso cuartirolo (20%).<\/p>\n\n\n\n<p>En las carnicer\u00edas, el h\u00edgado aument\u00f3 un 36,25% y el asado un 28%, mientras que en la verduler\u00eda los mayores saltos se dieron en el zapallo (29%) y la papa (20%).<\/p>\n\n\n\n<h2 class=\"wp-block-heading\">Impacto social: p\u00e9rdida de poder adquisitivo y deuda<\/h2>\n\n\n\n<p>Silvana Lagra\u00f1a, directora del ISEPCi Corrientes, advirti\u00f3 que estos costos resultan prohibitivos para gran parte de la poblaci\u00f3n. &#8220;El costo de la CBT contin\u00faa siendo alto en comparaci\u00f3n con los bajos ingresos, algunos congelados o con aumentos por debajo de los precios&#8221;, se\u00f1al\u00f3.<\/p>\n\n\n\n<p>Seg\u00fan la especialista, esto genera un &#8220;impacto negativo&#8221; que obliga a las familias a sustituir o dejar de consumir bienes y servicios esenciales como transporte, educaci\u00f3n y servicios b\u00e1sicos. Como consecuencia, muchos hogares recurren a cr\u00e9ditos y pr\u00e9stamos para poder llegar a fin de mes, acentuando un preocupante nivel de endeudamiento en los barrios populares.<\/p>\n","protected":false},"excerpt":{"rendered":"<p>El \u00cdndice Barrial de Precios registr\u00f3 un incremento del 2,40% en el \u00faltimo mes. En un a\u00f1o, la Canasta B\u00e1sica Total aument\u00f3 m\u00e1s de 231 mil pesos, lo que profundiza&hellip; <\/p>\n","protected":false},"author":4,"featured_media":254316,"comment_status":"closed","ping_status":"open","sticky":false,"template":"","format":"standard","meta":{"footnotes":""},"categories":[26,20],"tags":[],"class_list":["post-254315","post","type-post","status-publish","format-standard","has-post-thumbnail","hentry","category-destacados","category-economia"],"_links":{"self":[{"href":"https:\/\/corrientesdetarde.com\/index.php\/wp-json\/wp\/v2\/posts\/254315","targetHints":{"allow":["GET"]}}],"collection":[{"href":"https:\/\/corrientesdetarde.com\/index.php\/wp-json\/wp\/v2\/posts"}],"about":[{"href":"https:\/\/corrientesdetarde.com\/index.php\/wp-json\/wp\/v2\/types\/post"}],"author":[{"embeddable":true,"href":"https:\/\/corrientesdetarde.com\/index.php\/wp-json\/wp\/v2\/users\/4"}],"replies":[{"embeddable":true,"href":"https:\/\/corrientesdetarde.com\/index.php\/wp-json\/wp\/v2\/comments?post=254315"}],"version-history":[{"count":1,"href":"https:\/\/corrientesdetarde.com\/index.php\/wp-json\/wp\/v2\/posts\/254315\/revisions"}],"predecessor-version":[{"id":254317,"href":"https:\/\/corrientesdetarde.com\/index.php\/wp-json\/wp\/v2\/posts\/254315\/revisions\/254317"}],"wp:featuredmedia":[{"embeddable":true,"href":"https:\/\/corrientesdetarde.com\/index.php\/wp-json\/wp\/v2\/media\/254316"}],"wp:attachment":[{"href":"https:\/\/corrientesdetarde.com\/index.php\/wp-json\/wp\/v2\/media?parent=254315"}],"wp:term":[{"taxonomy":"category","embeddable":true,"href":"https:\/\/corrientesdetarde.com\/index.php\/wp-json\/wp\/v2\/categories?post=254315"},{"taxonomy":"post_tag","embeddable":true,"href":"https:\/\/corrientesdetarde.com\/index.php\/wp-json\/wp\/v2\/tags?post=254315"}],"curies":[{"name":"wp","href":"https:\/\/api.w.org\/{rel}","templated":true}]}}