{"id":254318,"date":"2026-04-28T15:36:56","date_gmt":"2026-04-28T18:36:56","guid":{"rendered":"https:\/\/corrientesdetarde.com\/?p=254318"},"modified":"2026-04-28T15:37:05","modified_gmt":"2026-04-28T18:37:05","slug":"golpe-al-narcomenudeo-en-el-interior-de-corrientes-secuestraron-mas-de-23-millones-arma-y-celulares","status":"publish","type":"post","link":"https:\/\/corrientesdetarde.com\/index.php\/policiales\/golpe-al-narcomenudeo-en-el-interior-de-corrientes-secuestraron-mas-de-23-millones-arma-y-celulares\/","title":{"rendered":"Golpe al narcomenudeo en el interior de Corrientes: secuestraron m\u00e1s de $23 millones, arma y celulares \u00a0\u00a0"},"content":{"rendered":"\n<p>Durante la tarde de este lunes se llev\u00f3 a cabo un allanamiento en la ciudad de Curuz\u00faCuat\u00eda. Fue en el Barrio Las Flores y en una vivienda lindera a las v\u00edas del Ferrocarril.<\/p>\n\n\n\n<p>El domicilio ser\u00eda propiedad de un hombre identificado con las iniciales C. P. C. Se secuestr\u00f3 una suma estimada en $23.900.000, un arma de fuego calibre 22mm marca d\u00f3berman y 3 tel\u00e9fonos celulares.<\/p>\n\n\n\n<p><br>Todo estar\u00eda vinculado a una causa iniciada el 12 de marzo de este a\u00f1o. La orden fue firmada por el juez de Garant\u00edas Mart\u00edn Vega y el fiscal Oscar Ca\u00f1ete.<\/p>\n\n\n\n<p>Los elementos secuestrados quedaron a disposici\u00f3n de la fiscalia interviniente. Por el momento, solo se procedi\u00f3 a identificar todos los habitantes de la vivienda y no se llev\u00f3 a cabo la detenci\u00f3n de ninguna persona.<\/p>\n\n\n\n<p>Por la misma causa, hay nueve personas imputadas, droga incautada, veh\u00edculos, motocicleta y otra importante suma de dinero.<\/p>\n\n\n\n<figure class=\"wp-block-image\"><img decoding=\"async\" src=\"https:\/\/www.radiodos.com.ar\/content\/bucket\/4\/284634w790h1053c.jpg.webp\" alt=\"\"\/><\/figure>\n","protected":false},"excerpt":{"rendered":"<p>Durante la tarde de este lunes se llev\u00f3 a cabo un allanamiento en la ciudad de Curuz\u00faCuat\u00eda. Fue en el Barrio Las Flores y en una vivienda lindera a las&hellip; <\/p>\n","protected":false},"author":4,"featured_media":254319,"comment_status":"closed","ping_status":"open","sticky":false,"template":"","format":"standard","meta":{"footnotes":""},"categories":[33],"tags":[],"class_list":["post-254318","post","type-post","status-publish","format-standard","has-post-thumbnail","hentry","category-policiales"],"_links":{"self":[{"href":"https:\/\/corrientesdetarde.com\/index.php\/wp-json\/wp\/v2\/posts\/254318","targetHints":{"allow":["GET"]}}],"collection":[{"href":"https:\/\/corrientesdetarde.com\/index.php\/wp-json\/wp\/v2\/posts"}],"about":[{"href":"https:\/\/corrientesdetarde.com\/index.php\/wp-json\/wp\/v2\/types\/post"}],"author":[{"embeddable":true,"href":"https:\/\/corrientesdetarde.com\/index.php\/wp-json\/wp\/v2\/users\/4"}],"replies":[{"embeddable":true,"href":"https:\/\/corrientesdetarde.com\/index.php\/wp-json\/wp\/v2\/comments?post=254318"}],"version-history":[{"count":1,"href":"https:\/\/corrientesdetarde.com\/index.php\/wp-json\/wp\/v2\/posts\/254318\/revisions"}],"predecessor-version":[{"id":254320,"href":"https:\/\/corrientesdetarde.com\/index.php\/wp-json\/wp\/v2\/posts\/254318\/revisions\/254320"}],"wp:featuredmedia":[{"embeddable":true,"href":"https:\/\/corrientesdetarde.com\/index.php\/wp-json\/wp\/v2\/media\/254319"}],"wp:attachment":[{"href":"https:\/\/corrientesdetarde.com\/index.php\/wp-json\/wp\/v2\/media?parent=254318"}],"wp:term":[{"taxonomy":"category","embeddable":true,"href":"https:\/\/corrientesdetarde.com\/index.php\/wp-json\/wp\/v2\/categories?post=254318"},{"taxonomy":"post_tag","embeddable":true,"href":"https:\/\/corrientesdetarde.com\/index.php\/wp-json\/wp\/v2\/tags?post=254318"}],"curies":[{"name":"wp","href":"https:\/\/api.w.org\/{rel}","templated":true}]}}